{"id":8733,"date":"2021-03-16T06:48:01","date_gmt":"2021-03-16T06:48:01","guid":{"rendered":"https:\/\/jessel.de\/365-tage-sylt\/?p=8733"},"modified":"2021-03-16T06:50:17","modified_gmt":"2021-03-16T06:50:17","slug":"15-maerz-wolkenlos-in-kampen","status":"publish","type":"post","link":"https:\/\/jessel.de\/365-tage-sylt\/15-maerz-wolkenlos-in-kampen\/","title":{"rendered":"15. M\u00e4rz: Wolkenlos in Kampen"},"content":{"rendered":"<p>Bis ca. 15 Uhr zeigt sich das Wetter grau, zum Teil nieselig. Gute Gelegenheit, an den Herd zu humpeln und &#8211; auf den Tipp einer Blogleserin hin &#8211; CANTUCCINI zu backen. Das italienische Geb\u00e4ck zum Kaffee, mit einigen Tropfen Bittermandel-Aroma, passt gut zum zunehmend sonnigen Nachmittag:<\/p>\n<p><img loading=\"lazy\" decoding=\"async\" class=\"alignnone size-full wp-image-8735\" src=\"https:\/\/jessel.de\/365-tage-sylt\/wp-content\/uploads\/2021\/03\/A7292CDC-F8C5-4450-A913-0E3764623A22.jpeg\" alt=\"\" width=\"1067\" height=\"800\" srcset=\"https:\/\/jessel.de\/365-tage-sylt\/wp-content\/uploads\/2021\/03\/A7292CDC-F8C5-4450-A913-0E3764623A22.jpeg 1067w, https:\/\/jessel.de\/365-tage-sylt\/wp-content\/uploads\/2021\/03\/A7292CDC-F8C5-4450-A913-0E3764623A22-300x225.jpeg 300w, https:\/\/jessel.de\/365-tage-sylt\/wp-content\/uploads\/2021\/03\/A7292CDC-F8C5-4450-A913-0E3764623A22-1024x768.jpeg 1024w, https:\/\/jessel.de\/365-tage-sylt\/wp-content\/uploads\/2021\/03\/A7292CDC-F8C5-4450-A913-0E3764623A22-768x576.jpeg 768w\" sizes=\"auto, (max-width: 1067px) 100vw, 1067px\" \/><\/p>\n<p>Danach muss Hans nochmal an die frische Luft. Per Fahrrad geht\u2019s nach Kampen, wo ich allerdings in Meeresn\u00e4he nichts Fotogenes finde. Au\u00dferdem f\u00fchlen sich +3 Grad bei 6-7 Windst\u00e4rken wie -5 Grad an&#8230; ich fahre noch ein paar Schleifen durch den nach Ende der Hamburger Fr\u00fchjahrsferien enorm verlassenen Ort, bevor es am Leuchtturm vorbei nach Hause geht.<\/p>\n","protected":false},"excerpt":{"rendered":"<p>Bis ca. 15 Uhr zeigt sich das Wetter grau, zum Teil nieselig. Gute Gelegenheit, an den Herd zu humpeln und &#8211; auf den Tipp einer Blogleserin hin &#8211; CANTUCCINI zu backen. Das italienische Geb\u00e4ck zum Kaffee, mit einigen Tropfen Bittermandel-Aroma, passt gut zum zunehmend sonnigen Nachmittag: Danach muss Hans nochmal an die frische Luft. Per Fahrrad geht\u2019s nach Kampen, wo ich allerdings in Meeresn\u00e4he nichts Fotogenes finde. Au\u00dferdem f\u00fchlen sich&hellip;<\/p>\n","protected":false},"author":2,"featured_media":8734,"comment_status":"open","ping_status":"open","sticky":false,"template":"","format":"standard","meta":{"footnotes":""},"categories":[27,28,25,30,23],"tags":[],"class_list":["post-8733","post","type-post","status-publish","format-standard","has-post-thumbnail","hentry","category-alle-bilder","category-haeuser","category-kampen","category-tradition","category-winter"],"jetpack_featured_media_url":"https:\/\/jessel.de\/365-tage-sylt\/wp-content\/uploads\/2021\/03\/62AAD48F-7307-4DDF-A2C7-1BCF65BAAE54.jpeg","_links":{"self":[{"href":"https:\/\/jessel.de\/365-tage-sylt\/wp-json\/wp\/v2\/posts\/8733","targetHints":{"allow":["GET"]}}],"collection":[{"href":"https:\/\/jessel.de\/365-tage-sylt\/wp-json\/wp\/v2\/posts"}],"about":[{"href":"https:\/\/jessel.de\/365-tage-sylt\/wp-json\/wp\/v2\/types\/post"}],"author":[{"embeddable":true,"href":"https:\/\/jessel.de\/365-tage-sylt\/wp-json\/wp\/v2\/users\/2"}],"replies":[{"embeddable":true,"href":"https:\/\/jessel.de\/365-tage-sylt\/wp-json\/wp\/v2\/comments?post=8733"}],"version-history":[{"count":4,"href":"https:\/\/jessel.de\/365-tage-sylt\/wp-json\/wp\/v2\/posts\/8733\/revisions"}],"predecessor-version":[{"id":8739,"href":"https:\/\/jessel.de\/365-tage-sylt\/wp-json\/wp\/v2\/posts\/8733\/revisions\/8739"}],"wp:featuredmedia":[{"embeddable":true,"href":"https:\/\/jessel.de\/365-tage-sylt\/wp-json\/wp\/v2\/media\/8734"}],"wp:attachment":[{"href":"https:\/\/jessel.de\/365-tage-sylt\/wp-json\/wp\/v2\/media?parent=8733"}],"wp:term":[{"taxonomy":"category","embeddable":true,"href":"https:\/\/jessel.de\/365-tage-sylt\/wp-json\/wp\/v2\/categories?post=8733"},{"taxonomy":"post_tag","embeddable":true,"href":"https:\/\/jessel.de\/365-tage-sylt\/wp-json\/wp\/v2\/tags?post=8733"}],"curies":[{"name":"wp","href":"https:\/\/api.w.org\/{rel}","templated":true}]}}