{"id":8740,"date":"2021-03-18T15:57:55","date_gmt":"2021-03-18T15:57:55","guid":{"rendered":"https:\/\/jessel.de\/365-tage-sylt\/?p=8740"},"modified":"2021-03-18T17:07:35","modified_gmt":"2021-03-18T17:07:35","slug":"17-18-maerz-frueueuehling-rueckt-naeher","status":"publish","type":"post","link":"https:\/\/jessel.de\/365-tage-sylt\/17-18-maerz-frueueuehling-rueckt-naeher\/","title":{"rendered":"17.\/18. M\u00e4rz: Fr\u00fc\u00fc\u00fchling r\u00fcckt n\u00e4her!"},"content":{"rendered":"<p>Es ist aaasig kalt. Bei der Arbeit z\u00e4hlen die Lange Unterhose, Wintermantel mit dickem Pullover drunter, Handschuhe und eine dichte Kopfbedeckung zum Pflichtprogramm. Es sei denn, man ist von Natur aus mit genug Wolle ausgestattet:<br \/>\n<img loading=\"lazy\" decoding=\"async\" class=\"alignnone size-full wp-image-8744\" src=\"https:\/\/jessel.de\/365-tage-sylt\/wp-content\/uploads\/2021\/03\/09FB898A-6FB8-47F6-816E-50C6BA1DA334.jpeg\" alt=\"\" width=\"1181\" height=\"800\" srcset=\"https:\/\/jessel.de\/365-tage-sylt\/wp-content\/uploads\/2021\/03\/09FB898A-6FB8-47F6-816E-50C6BA1DA334.jpeg 1181w, https:\/\/jessel.de\/365-tage-sylt\/wp-content\/uploads\/2021\/03\/09FB898A-6FB8-47F6-816E-50C6BA1DA334-300x203.jpeg 300w, https:\/\/jessel.de\/365-tage-sylt\/wp-content\/uploads\/2021\/03\/09FB898A-6FB8-47F6-816E-50C6BA1DA334-1024x694.jpeg 1024w, https:\/\/jessel.de\/365-tage-sylt\/wp-content\/uploads\/2021\/03\/09FB898A-6FB8-47F6-816E-50C6BA1DA334-768x520.jpeg 768w\" sizes=\"auto, (max-width: 1181px) 100vw, 1181px\" \/><\/p>\n<p>Irgendwie kommt aber dennoch eine gewisse Fr\u00fchlings-Atmo zum Tragen. Tags\u00fcber w\u00e4rmt die Sonne bereits und im Abendlicht sieht das mancherorts schon ziemlich kuschelig aus:<\/p>\n<p><img loading=\"lazy\" decoding=\"async\" class=\"alignnone size-full wp-image-8746\" src=\"https:\/\/jessel.de\/365-tage-sylt\/wp-content\/uploads\/2021\/03\/B0D3776E-C7DE-4455-8F14-B16182D4794D.jpeg\" alt=\"\" width=\"1206\" height=\"800\" srcset=\"https:\/\/jessel.de\/365-tage-sylt\/wp-content\/uploads\/2021\/03\/B0D3776E-C7DE-4455-8F14-B16182D4794D.jpeg 1206w, https:\/\/jessel.de\/365-tage-sylt\/wp-content\/uploads\/2021\/03\/B0D3776E-C7DE-4455-8F14-B16182D4794D-300x199.jpeg 300w, https:\/\/jessel.de\/365-tage-sylt\/wp-content\/uploads\/2021\/03\/B0D3776E-C7DE-4455-8F14-B16182D4794D-1024x679.jpeg 1024w, https:\/\/jessel.de\/365-tage-sylt\/wp-content\/uploads\/2021\/03\/B0D3776E-C7DE-4455-8F14-B16182D4794D-768x509.jpeg 768w\" sizes=\"auto, (max-width: 1206px) 100vw, 1206px\" \/><\/p>\n<p>Ich radel\u02cb kreuz und quer durch die Landschaft und atme die Ruhe ein, die ich als pures Geschenk empfinde:<\/p>\n<p><img loading=\"lazy\" decoding=\"async\" class=\"alignnone size-full wp-image-8745\" src=\"https:\/\/jessel.de\/365-tage-sylt\/wp-content\/uploads\/2021\/03\/05B80675-567E-486D-A643-94A09FA30C3C.jpeg\" alt=\"\" width=\"1204\" height=\"800\" srcset=\"https:\/\/jessel.de\/365-tage-sylt\/wp-content\/uploads\/2021\/03\/05B80675-567E-486D-A643-94A09FA30C3C.jpeg 1204w, https:\/\/jessel.de\/365-tage-sylt\/wp-content\/uploads\/2021\/03\/05B80675-567E-486D-A643-94A09FA30C3C-300x199.jpeg 300w, https:\/\/jessel.de\/365-tage-sylt\/wp-content\/uploads\/2021\/03\/05B80675-567E-486D-A643-94A09FA30C3C-1024x680.jpeg 1024w, https:\/\/jessel.de\/365-tage-sylt\/wp-content\/uploads\/2021\/03\/05B80675-567E-486D-A643-94A09FA30C3C-768x510.jpeg 768w\" sizes=\"auto, (max-width: 1204px) 100vw, 1204px\" \/><\/p>\n<p>Erst nach Einbruch der Dunkelheit kehre ich nach Hause zur\u00fcck:<\/p>\n<p><img loading=\"lazy\" decoding=\"async\" class=\"alignnone size-full wp-image-8743\" src=\"https:\/\/jessel.de\/365-tage-sylt\/wp-content\/uploads\/2021\/03\/AFE2C684-F6F9-49CF-8491-01F2CFC71A01.jpeg\" alt=\"\" width=\"1204\" height=\"800\" srcset=\"https:\/\/jessel.de\/365-tage-sylt\/wp-content\/uploads\/2021\/03\/AFE2C684-F6F9-49CF-8491-01F2CFC71A01.jpeg 1204w, https:\/\/jessel.de\/365-tage-sylt\/wp-content\/uploads\/2021\/03\/AFE2C684-F6F9-49CF-8491-01F2CFC71A01-300x199.jpeg 300w, https:\/\/jessel.de\/365-tage-sylt\/wp-content\/uploads\/2021\/03\/AFE2C684-F6F9-49CF-8491-01F2CFC71A01-1024x680.jpeg 1024w, https:\/\/jessel.de\/365-tage-sylt\/wp-content\/uploads\/2021\/03\/AFE2C684-F6F9-49CF-8491-01F2CFC71A01-768x510.jpeg 768w\" sizes=\"auto, (max-width: 1204px) 100vw, 1204px\" \/><\/p>\n<p>Heute zum Nachmittag steht ein wunderbares Licht \u00fcber den Krokussen in unserem Garten&#8230;:<\/p>\n<p><img loading=\"lazy\" decoding=\"async\" class=\"alignnone size-full wp-image-8742\" src=\"https:\/\/jessel.de\/365-tage-sylt\/wp-content\/uploads\/2021\/03\/50B9BFD5-CE1B-43A3-9460-50BC17E30971.jpeg\" alt=\"\" width=\"1204\" height=\"800\" srcset=\"https:\/\/jessel.de\/365-tage-sylt\/wp-content\/uploads\/2021\/03\/50B9BFD5-CE1B-43A3-9460-50BC17E30971.jpeg 1204w, https:\/\/jessel.de\/365-tage-sylt\/wp-content\/uploads\/2021\/03\/50B9BFD5-CE1B-43A3-9460-50BC17E30971-300x199.jpeg 300w, https:\/\/jessel.de\/365-tage-sylt\/wp-content\/uploads\/2021\/03\/50B9BFD5-CE1B-43A3-9460-50BC17E30971-1024x680.jpeg 1024w, https:\/\/jessel.de\/365-tage-sylt\/wp-content\/uploads\/2021\/03\/50B9BFD5-CE1B-43A3-9460-50BC17E30971-768x510.jpeg 768w\" sizes=\"auto, (max-width: 1204px) 100vw, 1204px\" \/><\/p>\n<p>&#8230; als ich allerdings zur Arbeit starten will, bezieht sich der Himmel innerhalb einer halben Stunde. War wohl nix, aber morgen ist auch noch ein gef\u00fchlter (Fr\u00fchlings-)Tag!<\/p>\n","protected":false},"excerpt":{"rendered":"<p>Es ist aaasig kalt. Bei der Arbeit z\u00e4hlen die Lange Unterhose, Wintermantel mit dickem Pullover drunter, Handschuhe und eine dichte Kopfbedeckung zum Pflichtprogramm. Es sei denn, man ist von Natur aus mit genug Wolle ausgestattet: Irgendwie kommt aber dennoch eine gewisse Fr\u00fchlings-Atmo zum Tragen. Tags\u00fcber w\u00e4rmt die Sonne bereits und im Abendlicht sieht das mancherorts schon ziemlich kuschelig aus: Ich radel\u02cb kreuz und quer durch die Landschaft und atme die&hellip;<\/p>\n","protected":false},"author":2,"featured_media":8741,"comment_status":"open","ping_status":"open","sticky":false,"template":"","format":"standard","meta":{"footnotes":""},"categories":[27,41,44,7],"tags":[],"class_list":["post-8740","post","type-post","status-publish","format-standard","has-post-thumbnail","hentry","category-alle-bilder","category-fruehling","category-pflanzen","category-westerland"],"jetpack_featured_media_url":"https:\/\/jessel.de\/365-tage-sylt\/wp-content\/uploads\/2021\/03\/B8AAECDF-7D64-4177-8F33-77DB7113EA07.jpeg","_links":{"self":[{"href":"https:\/\/jessel.de\/365-tage-sylt\/wp-json\/wp\/v2\/posts\/8740","targetHints":{"allow":["GET"]}}],"collection":[{"href":"https:\/\/jessel.de\/365-tage-sylt\/wp-json\/wp\/v2\/posts"}],"about":[{"href":"https:\/\/jessel.de\/365-tage-sylt\/wp-json\/wp\/v2\/types\/post"}],"author":[{"embeddable":true,"href":"https:\/\/jessel.de\/365-tage-sylt\/wp-json\/wp\/v2\/users\/2"}],"replies":[{"embeddable":true,"href":"https:\/\/jessel.de\/365-tage-sylt\/wp-json\/wp\/v2\/comments?post=8740"}],"version-history":[{"count":5,"href":"https:\/\/jessel.de\/365-tage-sylt\/wp-json\/wp\/v2\/posts\/8740\/revisions"}],"predecessor-version":[{"id":8751,"href":"https:\/\/jessel.de\/365-tage-sylt\/wp-json\/wp\/v2\/posts\/8740\/revisions\/8751"}],"wp:featuredmedia":[{"embeddable":true,"href":"https:\/\/jessel.de\/365-tage-sylt\/wp-json\/wp\/v2\/media\/8741"}],"wp:attachment":[{"href":"https:\/\/jessel.de\/365-tage-sylt\/wp-json\/wp\/v2\/media?parent=8740"}],"wp:term":[{"taxonomy":"category","embeddable":true,"href":"https:\/\/jessel.de\/365-tage-sylt\/wp-json\/wp\/v2\/categories?post=8740"},{"taxonomy":"post_tag","embeddable":true,"href":"https:\/\/jessel.de\/365-tage-sylt\/wp-json\/wp\/v2\/tags?post=8740"}],"curies":[{"name":"wp","href":"https:\/\/api.w.org\/{rel}","templated":true}]}}