{"id":8766,"date":"2021-03-25T18:06:35","date_gmt":"2021-03-25T18:06:35","guid":{"rendered":"https:\/\/jessel.de\/365-tage-sylt\/?p=8766"},"modified":"2021-03-25T19:08:59","modified_gmt":"2021-03-25T19:08:59","slug":"25-maerz-eine-radtour-in-die-vergangenheit","status":"publish","type":"post","link":"https:\/\/jessel.de\/365-tage-sylt\/25-maerz-eine-radtour-in-die-vergangenheit\/","title":{"rendered":"25. M\u00e4rz: Eine Radtour in die Vergangenheit"},"content":{"rendered":"<p>Der fette Seenebel begleitet meinen Zug bis Husum, erst bei der Querung der Eider lichtet sich der Himmel. Erster Sonnenschein beim Umstieg in Heide, und gef\u00fchlter Fr\u00fchling beim Start der Radtour in Meldorf&#8230;.<\/p>\n<p>Es geht um Vergangenheitsbew\u00e4ltigung heute, und zun\u00e4chst g\u00f6nne ich mir die sch\u00f6nen Erinnerungen. Zum Beispiel, wie ich als kleiner Steppke gebannt am Abteilfenster klebte, weil da pl\u00f6tzlich dieses Rohr neben den Gleisen auftauchte:<\/p>\n<p><img loading=\"lazy\" decoding=\"async\" class=\"size-full wp-image-8779\" src=\"https:\/\/jessel.de\/365-tage-sylt\/wp-content\/uploads\/2021\/03\/7217E87A-136D-4389-9E85-7C80B2890CDE.jpeg\" alt=\"\" width=\"1866\" height=\"1400\" srcset=\"https:\/\/jessel.de\/365-tage-sylt\/wp-content\/uploads\/2021\/03\/7217E87A-136D-4389-9E85-7C80B2890CDE.jpeg 1866w, https:\/\/jessel.de\/365-tage-sylt\/wp-content\/uploads\/2021\/03\/7217E87A-136D-4389-9E85-7C80B2890CDE-300x225.jpeg 300w, https:\/\/jessel.de\/365-tage-sylt\/wp-content\/uploads\/2021\/03\/7217E87A-136D-4389-9E85-7C80B2890CDE-1024x768.jpeg 1024w, https:\/\/jessel.de\/365-tage-sylt\/wp-content\/uploads\/2021\/03\/7217E87A-136D-4389-9E85-7C80B2890CDE-768x576.jpeg 768w, https:\/\/jessel.de\/365-tage-sylt\/wp-content\/uploads\/2021\/03\/7217E87A-136D-4389-9E85-7C80B2890CDE-1536x1152.jpeg 1536w\" sizes=\"auto, (max-width: 1866px) 100vw, 1866px\" \/><\/p>\n<p>Das Zugfahren war ja schon Abenteuer genug, aber dieses unendlich lang erscheinende Rohr&#8230; zun\u00e4chst auf der rechten Seite, dann, pl\u00f6tzlich um Untergrund verschwindend&#8230;:<\/p>\n<p><img loading=\"lazy\" decoding=\"async\" class=\"size-full wp-image-8780\" src=\"https:\/\/jessel.de\/365-tage-sylt\/wp-content\/uploads\/2021\/03\/52631FC9-D4CA-43A8-875C-5F4D1D529BBD.jpeg\" alt=\"\" width=\"1866\" height=\"1400\" srcset=\"https:\/\/jessel.de\/365-tage-sylt\/wp-content\/uploads\/2021\/03\/52631FC9-D4CA-43A8-875C-5F4D1D529BBD.jpeg 1866w, https:\/\/jessel.de\/365-tage-sylt\/wp-content\/uploads\/2021\/03\/52631FC9-D4CA-43A8-875C-5F4D1D529BBD-300x225.jpeg 300w, https:\/\/jessel.de\/365-tage-sylt\/wp-content\/uploads\/2021\/03\/52631FC9-D4CA-43A8-875C-5F4D1D529BBD-1024x768.jpeg 1024w, https:\/\/jessel.de\/365-tage-sylt\/wp-content\/uploads\/2021\/03\/52631FC9-D4CA-43A8-875C-5F4D1D529BBD-768x576.jpeg 768w, https:\/\/jessel.de\/365-tage-sylt\/wp-content\/uploads\/2021\/03\/52631FC9-D4CA-43A8-875C-5F4D1D529BBD-1536x1152.jpeg 1536w\" sizes=\"auto, (max-width: 1866px) 100vw, 1866px\" \/><\/p>\n<p>&#8230; und nach k\u00fcrzester Zeit an anderer Stelle wieder auftauchend, eigent\u00fcmliche Schlenker machend&#8230;:<\/p>\n<p><img loading=\"lazy\" decoding=\"async\" class=\"size-full wp-image-8781\" src=\"https:\/\/jessel.de\/365-tage-sylt\/wp-content\/uploads\/2021\/03\/12AFB9B2-2E93-46BF-93C3-A9734696E056.jpeg\" alt=\"\" width=\"1866\" height=\"1400\" srcset=\"https:\/\/jessel.de\/365-tage-sylt\/wp-content\/uploads\/2021\/03\/12AFB9B2-2E93-46BF-93C3-A9734696E056.jpeg 1866w, https:\/\/jessel.de\/365-tage-sylt\/wp-content\/uploads\/2021\/03\/12AFB9B2-2E93-46BF-93C3-A9734696E056-300x225.jpeg 300w, https:\/\/jessel.de\/365-tage-sylt\/wp-content\/uploads\/2021\/03\/12AFB9B2-2E93-46BF-93C3-A9734696E056-1024x768.jpeg 1024w, https:\/\/jessel.de\/365-tage-sylt\/wp-content\/uploads\/2021\/03\/12AFB9B2-2E93-46BF-93C3-A9734696E056-768x576.jpeg 768w, https:\/\/jessel.de\/365-tage-sylt\/wp-content\/uploads\/2021\/03\/12AFB9B2-2E93-46BF-93C3-A9734696E056-1536x1152.jpeg 1536w\" sizes=\"auto, (max-width: 1866px) 100vw, 1866px\" \/><\/p>\n<p>Welches Geheimnis mochte dahinter stecken? Warum gab es solch eine unendliche Pipeline nicht auf Sylt!? Was war IN diesem Rohr!?<\/p>\n<p>Mir wurde bereits in Kindheitsjahren klar, dass die Welt voller ungel\u00f6ster Geheimnisse ist, denen ich mich fortan widmen wollte. Soviel stand fest!<\/p>\n<p>Hier kommt schon eins:<\/p>\n<p>Kurz vor St. Michaelisdonn sto\u00dfe ich auf die North Sea Cycle Route (rot gepunktet). Hier befindet sich eine der landschaftsgeschichtlich gaaanz spannenden Punkte Schleswig-Holsteins, ist der \u201eBarlter Kleve\u201c (Kleve = Kliff) doch eine Abbruchkante wie wir sie heute ganz \u00e4hnlich am Roten Kliff \u00a0auf Sylt sehen, aber hier 7.000 Jahre alt:<\/p>\n<p><img loading=\"lazy\" decoding=\"async\" class=\"size-full wp-image-8784\" src=\"https:\/\/jessel.de\/365-tage-sylt\/wp-content\/uploads\/2021\/03\/36295542-62CA-47CF-B021-617FB3CBBC6C.jpeg\" alt=\"\" width=\"1866\" height=\"2488\" srcset=\"https:\/\/jessel.de\/365-tage-sylt\/wp-content\/uploads\/2021\/03\/36295542-62CA-47CF-B021-617FB3CBBC6C.jpeg 1866w, https:\/\/jessel.de\/365-tage-sylt\/wp-content\/uploads\/2021\/03\/36295542-62CA-47CF-B021-617FB3CBBC6C-225x300.jpeg 225w, https:\/\/jessel.de\/365-tage-sylt\/wp-content\/uploads\/2021\/03\/36295542-62CA-47CF-B021-617FB3CBBC6C-768x1024.jpeg 768w, https:\/\/jessel.de\/365-tage-sylt\/wp-content\/uploads\/2021\/03\/36295542-62CA-47CF-B021-617FB3CBBC6C-1152x1536.jpeg 1152w, https:\/\/jessel.de\/365-tage-sylt\/wp-content\/uploads\/2021\/03\/36295542-62CA-47CF-B021-617FB3CBBC6C-1536x2048.jpeg 1536w\" sizes=\"auto, (max-width: 1866px) 100vw, 1866px\" \/><\/p>\n<p>&nbsp;<\/p>\n<p>Damals brandete hier, wo heute die Bahnlinie verl\u00e4uft, die Nordsee an die eiszeitliche Geest, was eine Schautafel vor Ort verdeutlicht:<\/p>\n<p><img loading=\"lazy\" decoding=\"async\" class=\"size-full wp-image-8788\" src=\"https:\/\/jessel.de\/365-tage-sylt\/wp-content\/uploads\/2021\/03\/C3C2F45A-88C8-48B1-B716-EC42E6A9FBA1.jpeg\" alt=\"\" width=\"1866\" height=\"1400\" srcset=\"https:\/\/jessel.de\/365-tage-sylt\/wp-content\/uploads\/2021\/03\/C3C2F45A-88C8-48B1-B716-EC42E6A9FBA1.jpeg 1866w, https:\/\/jessel.de\/365-tage-sylt\/wp-content\/uploads\/2021\/03\/C3C2F45A-88C8-48B1-B716-EC42E6A9FBA1-300x225.jpeg 300w, https:\/\/jessel.de\/365-tage-sylt\/wp-content\/uploads\/2021\/03\/C3C2F45A-88C8-48B1-B716-EC42E6A9FBA1-1024x768.jpeg 1024w, https:\/\/jessel.de\/365-tage-sylt\/wp-content\/uploads\/2021\/03\/C3C2F45A-88C8-48B1-B716-EC42E6A9FBA1-768x576.jpeg 768w, https:\/\/jessel.de\/365-tage-sylt\/wp-content\/uploads\/2021\/03\/C3C2F45A-88C8-48B1-B716-EC42E6A9FBA1-1536x1152.jpeg 1536w\" sizes=\"auto, (max-width: 1866px) 100vw, 1866px\" \/><\/p>\n<p>Erst die Eindeichungen seit dem Mittelalter sorgten daf\u00fcr, dass die meerb\u00fcrtige Landschaft westlich des Klevs dem Einfluss der Nordsee entzogen wurde, deren K\u00fcstenlinie (in Form von Deichen) heute glatt 15 Kilometer weiter westlich verl\u00e4uft.<\/p>\n<p>Logo klettere ich auf eine der h\u00f6chsten urzeitlichen D\u00fcnen hinauf und geniesse den Blick nach Nordwesten \u00fcber die weite Marschlandschaft:<\/p>\n<p><img loading=\"lazy\" decoding=\"async\" class=\"alignnone size-full wp-image-8789\" src=\"https:\/\/jessel.de\/365-tage-sylt\/wp-content\/uploads\/2021\/03\/B3A51555-BF53-4E74-982A-5A51260BD406-scaled.jpeg\" alt=\"\" width=\"2560\" height=\"1100\" srcset=\"https:\/\/jessel.de\/365-tage-sylt\/wp-content\/uploads\/2021\/03\/B3A51555-BF53-4E74-982A-5A51260BD406-scaled.jpeg 2560w, https:\/\/jessel.de\/365-tage-sylt\/wp-content\/uploads\/2021\/03\/B3A51555-BF53-4E74-982A-5A51260BD406-300x129.jpeg 300w, https:\/\/jessel.de\/365-tage-sylt\/wp-content\/uploads\/2021\/03\/B3A51555-BF53-4E74-982A-5A51260BD406-1024x440.jpeg 1024w, https:\/\/jessel.de\/365-tage-sylt\/wp-content\/uploads\/2021\/03\/B3A51555-BF53-4E74-982A-5A51260BD406-768x330.jpeg 768w, https:\/\/jessel.de\/365-tage-sylt\/wp-content\/uploads\/2021\/03\/B3A51555-BF53-4E74-982A-5A51260BD406-1536x660.jpeg 1536w, https:\/\/jessel.de\/365-tage-sylt\/wp-content\/uploads\/2021\/03\/B3A51555-BF53-4E74-982A-5A51260BD406-2048x880.jpeg 2048w\" sizes=\"auto, (max-width: 2560px) 100vw, 2560px\" \/><\/p>\n<p>Herrlich, was Landschaft so zu bieten hat! Nun bin ich gest\u00e4hlt genug, mich den unangenehmen Erinnerungen zu widmen. Ich radel\u02cb weiter am Geesthang entlang bis zum \u201eParadiesquellental\u201c in Burg. Hier findet sich (noch immer) ein ehemaliges Kinderheim, dem ich \u00fcble Kindheitserinnerungen (die ich hier besser nicht n\u00e4her erl\u00e4utere) zu verdanken habe, vor 61 Jahren. Heute bin ich seitdem das erste Mal wieder hier:<\/p>\n<p><img loading=\"lazy\" decoding=\"async\" class=\"alignnone size-full wp-image-8791\" src=\"https:\/\/jessel.de\/365-tage-sylt\/wp-content\/uploads\/2021\/03\/05BC52CB-0348-4047-AAF7-0674A40AFA18.jpeg\" alt=\"\" width=\"1866\" height=\"1400\" srcset=\"https:\/\/jessel.de\/365-tage-sylt\/wp-content\/uploads\/2021\/03\/05BC52CB-0348-4047-AAF7-0674A40AFA18.jpeg 1866w, https:\/\/jessel.de\/365-tage-sylt\/wp-content\/uploads\/2021\/03\/05BC52CB-0348-4047-AAF7-0674A40AFA18-300x225.jpeg 300w, https:\/\/jessel.de\/365-tage-sylt\/wp-content\/uploads\/2021\/03\/05BC52CB-0348-4047-AAF7-0674A40AFA18-1024x768.jpeg 1024w, https:\/\/jessel.de\/365-tage-sylt\/wp-content\/uploads\/2021\/03\/05BC52CB-0348-4047-AAF7-0674A40AFA18-768x576.jpeg 768w, https:\/\/jessel.de\/365-tage-sylt\/wp-content\/uploads\/2021\/03\/05BC52CB-0348-4047-AAF7-0674A40AFA18-1536x1152.jpeg 1536w\" sizes=\"auto, (max-width: 1866px) 100vw, 1866px\" \/><\/p>\n<p>Auf dem Heimgel\u00e4nde angekommen, treffe ich einen alten Mann, der mir best\u00e4tigt, dass ich hier richtig bin. Die Erinnerungen verlieren prompt ihre Schwere. Heute entpuppt sich das Anwesen als entz\u00fcckendes Kleinod in einer pittoresken Landschaft, die mir in Sekunden jeglichen Schrecken nimmt. Die Vergangenheit ist gewesen, ist abgehakt. Schluss damit. Gut, dass ich nun noch einmal hier gewesen bin.<\/p>\n<p>&nbsp;<\/p>\n<p><span style=\"-webkit-tap-highlight-color: rgba(0, 0, 0, 0);\">\u00a0<\/span>&nbsp;<\/p>\n","protected":false},"excerpt":{"rendered":"<p>Der fette Seenebel begleitet meinen Zug bis Husum, erst bei der Querung der Eider lichtet sich der Himmel. Erster Sonnenschein beim Umstieg in Heide, und gef\u00fchlter Fr\u00fchling beim Start der Radtour in Meldorf&#8230;. Es geht um Vergangenheitsbew\u00e4ltigung heute, und zun\u00e4chst g\u00f6nne ich mir die sch\u00f6nen Erinnerungen. Zum Beispiel, wie ich als kleiner Steppke gebannt am Abteilfenster klebte, weil da pl\u00f6tzlich dieses Rohr neben den Gleisen auftauchte: Das Zugfahren war ja&hellip;<\/p>\n","protected":false},"author":2,"featured_media":8767,"comment_status":"open","ping_status":"open","sticky":false,"template":"","format":"standard","meta":{"footnotes":""},"categories":[27,39,41,28,4,29,33],"tags":[],"class_list":["post-8766","post","type-post","status-publish","format-standard","has-post-thumbnail","hentry","category-alle-bilder","category-arbeit","category-fruehling","category-haeuser","category-spuren","category-verkehr","category-woanders"],"jetpack_featured_media_url":"https:\/\/jessel.de\/365-tage-sylt\/wp-content\/uploads\/2021\/03\/9072C00D-BB72-4B16-8D97-D4DFE3B9710F-scaled.jpeg","_links":{"self":[{"href":"https:\/\/jessel.de\/365-tage-sylt\/wp-json\/wp\/v2\/posts\/8766","targetHints":{"allow":["GET"]}}],"collection":[{"href":"https:\/\/jessel.de\/365-tage-sylt\/wp-json\/wp\/v2\/posts"}],"about":[{"href":"https:\/\/jessel.de\/365-tage-sylt\/wp-json\/wp\/v2\/types\/post"}],"author":[{"embeddable":true,"href":"https:\/\/jessel.de\/365-tage-sylt\/wp-json\/wp\/v2\/users\/2"}],"replies":[{"embeddable":true,"href":"https:\/\/jessel.de\/365-tage-sylt\/wp-json\/wp\/v2\/comments?post=8766"}],"version-history":[{"count":3,"href":"https:\/\/jessel.de\/365-tage-sylt\/wp-json\/wp\/v2\/posts\/8766\/revisions"}],"predecessor-version":[{"id":8792,"href":"https:\/\/jessel.de\/365-tage-sylt\/wp-json\/wp\/v2\/posts\/8766\/revisions\/8792"}],"wp:featuredmedia":[{"embeddable":true,"href":"https:\/\/jessel.de\/365-tage-sylt\/wp-json\/wp\/v2\/media\/8767"}],"wp:attachment":[{"href":"https:\/\/jessel.de\/365-tage-sylt\/wp-json\/wp\/v2\/media?parent=8766"}],"wp:term":[{"taxonomy":"category","embeddable":true,"href":"https:\/\/jessel.de\/365-tage-sylt\/wp-json\/wp\/v2\/categories?post=8766"},{"taxonomy":"post_tag","embeddable":true,"href":"https:\/\/jessel.de\/365-tage-sylt\/wp-json\/wp\/v2\/tags?post=8766"}],"curies":[{"name":"wp","href":"https:\/\/api.w.org\/{rel}","templated":true}]}}