{"id":8968,"date":"2021-04-29T19:47:35","date_gmt":"2021-04-29T19:47:35","guid":{"rendered":"https:\/\/jessel.de\/365-tage-sylt\/?p=8968"},"modified":"2021-04-29T19:47:35","modified_gmt":"2021-04-29T19:47:35","slug":"29-april-zur-abwechslung-mal-ein-grauer-tag","status":"publish","type":"post","link":"https:\/\/jessel.de\/365-tage-sylt\/29-april-zur-abwechslung-mal-ein-grauer-tag\/","title":{"rendered":"29. April: Zur Abwechslung mal ein grauer Tag"},"content":{"rendered":"<p>Grau, aber durchaus fotogen! Ein elegisch-entr\u00fccktes Licht, wie in einem Fotostudio erzeugt. Dabei nieselt es sogar, und unser Garten h\u00e4tte sich \u00fcber den angek\u00fcndigten \u201eergiebigen Regen\u201c gefreut&#8230; aber der ist zun\u00e4chst einmal bis zum Samstag vertagt, mit weiteren Optionen in der kommenden Woche.<\/p>\n<p>Seit 10 Jahren bricht der Monat April best\u00e4ndig Trockenheitsrekorde, und ich werde in den kommenden Tagen mal den Zustand vieler Graud\u00fcnen-S\u00fcdh\u00e4nge fotografieren, wo die Vegetation nahezu vollkommen verd\u00f6rrt ist.<\/p>\n","protected":false},"excerpt":{"rendered":"<p>Grau, aber durchaus fotogen! Ein elegisch-entr\u00fccktes Licht, wie in einem Fotostudio erzeugt. Dabei nieselt es sogar, und unser Garten h\u00e4tte sich \u00fcber den angek\u00fcndigten \u201eergiebigen Regen\u201c gefreut&#8230; aber der ist zun\u00e4chst einmal bis zum Samstag vertagt, mit weiteren Optionen in der kommenden Woche. Seit 10 Jahren bricht der Monat April best\u00e4ndig Trockenheitsrekorde, und ich werde in den kommenden Tagen mal den Zustand vieler Graud\u00fcnen-S\u00fcdh\u00e4nge fotografieren, wo die Vegetation nahezu vollkommen&hellip;<\/p>\n","protected":false},"author":2,"featured_media":8969,"comment_status":"open","ping_status":"open","sticky":false,"template":"","format":"standard","meta":{"footnotes":""},"categories":[27,39,24,41,25,44,35,4,26,2],"tags":[],"class_list":["post-8968","post","type-post","status-publish","format-standard","has-post-thumbnail","hentry","category-alle-bilder","category-arbeit","category-duenen","category-fruehling","category-kampen","category-pflanzen","category-schlechtes-wetter","category-spuren","category-strand","category-tourismus"],"jetpack_featured_media_url":"https:\/\/jessel.de\/365-tage-sylt\/wp-content\/uploads\/2021\/04\/F49EB4F9-829B-44BF-A8D0-726F06501870.jpeg","_links":{"self":[{"href":"https:\/\/jessel.de\/365-tage-sylt\/wp-json\/wp\/v2\/posts\/8968","targetHints":{"allow":["GET"]}}],"collection":[{"href":"https:\/\/jessel.de\/365-tage-sylt\/wp-json\/wp\/v2\/posts"}],"about":[{"href":"https:\/\/jessel.de\/365-tage-sylt\/wp-json\/wp\/v2\/types\/post"}],"author":[{"embeddable":true,"href":"https:\/\/jessel.de\/365-tage-sylt\/wp-json\/wp\/v2\/users\/2"}],"replies":[{"embeddable":true,"href":"https:\/\/jessel.de\/365-tage-sylt\/wp-json\/wp\/v2\/comments?post=8968"}],"version-history":[{"count":1,"href":"https:\/\/jessel.de\/365-tage-sylt\/wp-json\/wp\/v2\/posts\/8968\/revisions"}],"predecessor-version":[{"id":8970,"href":"https:\/\/jessel.de\/365-tage-sylt\/wp-json\/wp\/v2\/posts\/8968\/revisions\/8970"}],"wp:featuredmedia":[{"embeddable":true,"href":"https:\/\/jessel.de\/365-tage-sylt\/wp-json\/wp\/v2\/media\/8969"}],"wp:attachment":[{"href":"https:\/\/jessel.de\/365-tage-sylt\/wp-json\/wp\/v2\/media?parent=8968"}],"wp:term":[{"taxonomy":"category","embeddable":true,"href":"https:\/\/jessel.de\/365-tage-sylt\/wp-json\/wp\/v2\/categories?post=8968"},{"taxonomy":"post_tag","embeddable":true,"href":"https:\/\/jessel.de\/365-tage-sylt\/wp-json\/wp\/v2\/tags?post=8968"}],"curies":[{"name":"wp","href":"https:\/\/api.w.org\/{rel}","templated":true}]}}