{"id":9091,"date":"2021-05-26T18:54:30","date_gmt":"2021-05-26T18:54:30","guid":{"rendered":"https:\/\/jessel.de\/365-tage-sylt\/?p=9091"},"modified":"2021-05-26T18:55:46","modified_gmt":"2021-05-26T18:55:46","slug":"24-26-mai-einfach-mal-raus-bzw-runter","status":"publish","type":"post","link":"https:\/\/jessel.de\/365-tage-sylt\/24-26-mai-einfach-mal-raus-bzw-runter\/","title":{"rendered":"24. &#8211; 26. Mai: Einfach mal raus&#8230; bzw. runter"},"content":{"rendered":"<p>Zu viele Menschen, zu viel Bauerei auf der Insel&#8230;:<\/p>\n<p><img loading=\"lazy\" decoding=\"async\" class=\"size-full wp-image-9092\" src=\"https:\/\/jessel.de\/365-tage-sylt\/wp-content\/uploads\/2021\/05\/87107058-78C7-4E6C-9F73-E14D65CDCD5A.jpeg\" alt=\"\" width=\"1067\" height=\"800\" srcset=\"https:\/\/jessel.de\/365-tage-sylt\/wp-content\/uploads\/2021\/05\/87107058-78C7-4E6C-9F73-E14D65CDCD5A.jpeg 1067w, https:\/\/jessel.de\/365-tage-sylt\/wp-content\/uploads\/2021\/05\/87107058-78C7-4E6C-9F73-E14D65CDCD5A-300x225.jpeg 300w, https:\/\/jessel.de\/365-tage-sylt\/wp-content\/uploads\/2021\/05\/87107058-78C7-4E6C-9F73-E14D65CDCD5A-1024x768.jpeg 1024w, https:\/\/jessel.de\/365-tage-sylt\/wp-content\/uploads\/2021\/05\/87107058-78C7-4E6C-9F73-E14D65CDCD5A-768x576.jpeg 768w\" sizes=\"auto, (max-width: 1067px) 100vw, 1067px\" \/><\/p>\n<p>&#8230; und in Hamburg ist das Wetter deutlich besser. Also los zu einer kleinen Stadtwanderung. Von Altona geht\u2019s \u00fcber Eimsb\u00fcttel..:<\/p>\n<p><img loading=\"lazy\" decoding=\"async\" class=\"alignnone size-full wp-image-9101\" src=\"https:\/\/jessel.de\/365-tage-sylt\/wp-content\/uploads\/2021\/05\/5F225299-B624-491D-ACFA-3F12A7191D56.jpeg\" alt=\"\" width=\"1067\" height=\"800\" srcset=\"https:\/\/jessel.de\/365-tage-sylt\/wp-content\/uploads\/2021\/05\/5F225299-B624-491D-ACFA-3F12A7191D56.jpeg 1067w, https:\/\/jessel.de\/365-tage-sylt\/wp-content\/uploads\/2021\/05\/5F225299-B624-491D-ACFA-3F12A7191D56-300x225.jpeg 300w, https:\/\/jessel.de\/365-tage-sylt\/wp-content\/uploads\/2021\/05\/5F225299-B624-491D-ACFA-3F12A7191D56-1024x768.jpeg 1024w, https:\/\/jessel.de\/365-tage-sylt\/wp-content\/uploads\/2021\/05\/5F225299-B624-491D-ACFA-3F12A7191D56-768x576.jpeg 768w\" sizes=\"auto, (max-width: 1067px) 100vw, 1067px\" \/><\/p>\n<p>&#8230; Richtung Alster. Mein Fussg\u00e4nger-Navi f\u00fchrt mich am Isebek- Kanal entlang nach Eppendorf&#8230;:<\/p>\n<p><img loading=\"lazy\" decoding=\"async\" class=\"alignnone size-full wp-image-9097\" src=\"https:\/\/jessel.de\/365-tage-sylt\/wp-content\/uploads\/2021\/05\/7A708D85-3B09-4299-932E-98C7515E22A8.jpeg\" alt=\"\" width=\"688\" height=\"800\" srcset=\"https:\/\/jessel.de\/365-tage-sylt\/wp-content\/uploads\/2021\/05\/7A708D85-3B09-4299-932E-98C7515E22A8.jpeg 688w, https:\/\/jessel.de\/365-tage-sylt\/wp-content\/uploads\/2021\/05\/7A708D85-3B09-4299-932E-98C7515E22A8-258x300.jpeg 258w\" sizes=\"auto, (max-width: 688px) 100vw, 688px\" \/><\/p>\n<p>&#8230; vorbei am ber\u00fchmten \u201eSpekulantenfresser\u201c&#8230;:<\/p>\n<p><img loading=\"lazy\" decoding=\"async\" class=\"alignnone size-full wp-image-9099\" src=\"https:\/\/jessel.de\/365-tage-sylt\/wp-content\/uploads\/2021\/05\/EC48C800-3978-404C-ABDB-DB31653E7C5A.jpeg\" alt=\"\" width=\"1067\" height=\"800\" srcset=\"https:\/\/jessel.de\/365-tage-sylt\/wp-content\/uploads\/2021\/05\/EC48C800-3978-404C-ABDB-DB31653E7C5A.jpeg 1067w, https:\/\/jessel.de\/365-tage-sylt\/wp-content\/uploads\/2021\/05\/EC48C800-3978-404C-ABDB-DB31653E7C5A-300x225.jpeg 300w, https:\/\/jessel.de\/365-tage-sylt\/wp-content\/uploads\/2021\/05\/EC48C800-3978-404C-ABDB-DB31653E7C5A-1024x768.jpeg 1024w, https:\/\/jessel.de\/365-tage-sylt\/wp-content\/uploads\/2021\/05\/EC48C800-3978-404C-ABDB-DB31653E7C5A-768x576.jpeg 768w\" sizes=\"auto, (max-width: 1067px) 100vw, 1067px\" \/><\/p>\n<p>&#8230;dann wird es zunehmend romantischer&#8230;:<\/p>\n<p><img loading=\"lazy\" decoding=\"async\" class=\"size-full wp-image-9100\" src=\"https:\/\/jessel.de\/365-tage-sylt\/wp-content\/uploads\/2021\/05\/AD438776-837B-4A8F-AF04-F660203A5763.jpeg\" alt=\"\" width=\"1067\" height=\"800\" srcset=\"https:\/\/jessel.de\/365-tage-sylt\/wp-content\/uploads\/2021\/05\/AD438776-837B-4A8F-AF04-F660203A5763.jpeg 1067w, https:\/\/jessel.de\/365-tage-sylt\/wp-content\/uploads\/2021\/05\/AD438776-837B-4A8F-AF04-F660203A5763-300x225.jpeg 300w, https:\/\/jessel.de\/365-tage-sylt\/wp-content\/uploads\/2021\/05\/AD438776-837B-4A8F-AF04-F660203A5763-1024x768.jpeg 1024w, https:\/\/jessel.de\/365-tage-sylt\/wp-content\/uploads\/2021\/05\/AD438776-837B-4A8F-AF04-F660203A5763-768x576.jpeg 768w\" sizes=\"auto, (max-width: 1067px) 100vw, 1067px\" \/><\/p>\n<p>&#8230; und bis etwa 11 Uhr sind auch nur wenige Menschen unterwegs:<\/p>\n<p><img loading=\"lazy\" decoding=\"async\" class=\"alignnone size-full wp-image-9096\" src=\"https:\/\/jessel.de\/365-tage-sylt\/wp-content\/uploads\/2021\/05\/70A33249-930C-456F-90A3-0607C6FCFA07.jpeg\" alt=\"\" width=\"1067\" height=\"800\" srcset=\"https:\/\/jessel.de\/365-tage-sylt\/wp-content\/uploads\/2021\/05\/70A33249-930C-456F-90A3-0607C6FCFA07.jpeg 1067w, https:\/\/jessel.de\/365-tage-sylt\/wp-content\/uploads\/2021\/05\/70A33249-930C-456F-90A3-0607C6FCFA07-300x225.jpeg 300w, https:\/\/jessel.de\/365-tage-sylt\/wp-content\/uploads\/2021\/05\/70A33249-930C-456F-90A3-0607C6FCFA07-1024x768.jpeg 1024w, https:\/\/jessel.de\/365-tage-sylt\/wp-content\/uploads\/2021\/05\/70A33249-930C-456F-90A3-0607C6FCFA07-768x576.jpeg 768w\" sizes=\"auto, (max-width: 1067px) 100vw, 1067px\" \/><\/p>\n<p><img loading=\"lazy\" decoding=\"async\" class=\"size-full wp-image-9098\" src=\"https:\/\/jessel.de\/365-tage-sylt\/wp-content\/uploads\/2021\/05\/E382242C-CAE1-4140-B3C6-190F9B7550F0.jpeg\" alt=\"\" width=\"1067\" height=\"800\" srcset=\"https:\/\/jessel.de\/365-tage-sylt\/wp-content\/uploads\/2021\/05\/E382242C-CAE1-4140-B3C6-190F9B7550F0.jpeg 1067w, https:\/\/jessel.de\/365-tage-sylt\/wp-content\/uploads\/2021\/05\/E382242C-CAE1-4140-B3C6-190F9B7550F0-300x225.jpeg 300w, https:\/\/jessel.de\/365-tage-sylt\/wp-content\/uploads\/2021\/05\/E382242C-CAE1-4140-B3C6-190F9B7550F0-1024x768.jpeg 1024w, https:\/\/jessel.de\/365-tage-sylt\/wp-content\/uploads\/2021\/05\/E382242C-CAE1-4140-B3C6-190F9B7550F0-768x576.jpeg 768w\" sizes=\"auto, (max-width: 1067px) 100vw, 1067px\" \/><\/p>\n<p>Mein Ziel ist eigentlich Poppenb\u00fcttel, aber in H\u00f6he Ohlsdorfer Friedhof wird\u2019s mir zu crowdy und auch zu warm. Es gibt noch ein ern\u00e4hrungsphysiologisch unanfechtbares Essen&#8230;:<\/p>\n<p><img loading=\"lazy\" decoding=\"async\" class=\"alignnone size-full wp-image-9094\" src=\"https:\/\/jessel.de\/365-tage-sylt\/wp-content\/uploads\/2021\/05\/443C8AB1-C45B-4685-8BE2-5F43BB023E76.jpeg\" alt=\"\" width=\"600\" height=\"800\" srcset=\"https:\/\/jessel.de\/365-tage-sylt\/wp-content\/uploads\/2021\/05\/443C8AB1-C45B-4685-8BE2-5F43BB023E76.jpeg 600w, https:\/\/jessel.de\/365-tage-sylt\/wp-content\/uploads\/2021\/05\/443C8AB1-C45B-4685-8BE2-5F43BB023E76-225x300.jpeg 225w\" sizes=\"auto, (max-width: 600px) 100vw, 600px\" \/><\/p>\n<p>&#8230; und die H\u00fchner im insularen Dauerregen freuen sich, als ich nach nur zwei Tagen wieder zu Hause bin:<\/p>\n<p><img loading=\"lazy\" decoding=\"async\" class=\"alignnone size-full wp-image-9093\" src=\"https:\/\/jessel.de\/365-tage-sylt\/wp-content\/uploads\/2021\/05\/909A4937-7FF1-4BE1-A7D9-CE3A68528D70.jpeg\" alt=\"\" width=\"1252\" height=\"800\" srcset=\"https:\/\/jessel.de\/365-tage-sylt\/wp-content\/uploads\/2021\/05\/909A4937-7FF1-4BE1-A7D9-CE3A68528D70.jpeg 1252w, https:\/\/jessel.de\/365-tage-sylt\/wp-content\/uploads\/2021\/05\/909A4937-7FF1-4BE1-A7D9-CE3A68528D70-300x192.jpeg 300w, https:\/\/jessel.de\/365-tage-sylt\/wp-content\/uploads\/2021\/05\/909A4937-7FF1-4BE1-A7D9-CE3A68528D70-1024x654.jpeg 1024w, https:\/\/jessel.de\/365-tage-sylt\/wp-content\/uploads\/2021\/05\/909A4937-7FF1-4BE1-A7D9-CE3A68528D70-768x491.jpeg 768w\" sizes=\"auto, (max-width: 1252px) 100vw, 1252px\" \/><\/p>\n<p>&nbsp;<\/p>\n","protected":false},"excerpt":{"rendered":"<p>Zu viele Menschen, zu viel Bauerei auf der Insel&#8230;: &#8230; und in Hamburg ist das Wetter deutlich besser. Also los zu einer kleinen Stadtwanderung. Von Altona geht\u2019s \u00fcber Eimsb\u00fcttel..: &#8230; Richtung Alster. Mein Fussg\u00e4nger-Navi f\u00fchrt mich am Isebek- Kanal entlang nach Eppendorf&#8230;: &#8230; vorbei am ber\u00fchmten \u201eSpekulantenfresser\u201c&#8230;: &#8230;dann wird es zunehmend romantischer&#8230;: &#8230; und bis etwa 11 Uhr sind auch nur wenige Menschen unterwegs: Mein Ziel ist eigentlich Poppenb\u00fcttel, aber&hellip;<\/p>\n","protected":false},"author":2,"featured_media":9095,"comment_status":"open","ping_status":"open","sticky":false,"template":"","format":"standard","meta":{"footnotes":""},"categories":[27,41,3,44,2,30,29,33],"tags":[],"class_list":["post-9091","post","type-post","status-publish","format-standard","has-post-thumbnail","hentry","category-alle-bilder","category-fruehling","category-menschen","category-pflanzen","category-tourismus","category-tradition","category-verkehr","category-woanders"],"jetpack_featured_media_url":"https:\/\/jessel.de\/365-tage-sylt\/wp-content\/uploads\/2021\/05\/AE9B6C29-3BAC-4412-930A-9C9C09E2E291.jpeg","_links":{"self":[{"href":"https:\/\/jessel.de\/365-tage-sylt\/wp-json\/wp\/v2\/posts\/9091","targetHints":{"allow":["GET"]}}],"collection":[{"href":"https:\/\/jessel.de\/365-tage-sylt\/wp-json\/wp\/v2\/posts"}],"about":[{"href":"https:\/\/jessel.de\/365-tage-sylt\/wp-json\/wp\/v2\/types\/post"}],"author":[{"embeddable":true,"href":"https:\/\/jessel.de\/365-tage-sylt\/wp-json\/wp\/v2\/users\/2"}],"replies":[{"embeddable":true,"href":"https:\/\/jessel.de\/365-tage-sylt\/wp-json\/wp\/v2\/comments?post=9091"}],"version-history":[{"count":2,"href":"https:\/\/jessel.de\/365-tage-sylt\/wp-json\/wp\/v2\/posts\/9091\/revisions"}],"predecessor-version":[{"id":9103,"href":"https:\/\/jessel.de\/365-tage-sylt\/wp-json\/wp\/v2\/posts\/9091\/revisions\/9103"}],"wp:featuredmedia":[{"embeddable":true,"href":"https:\/\/jessel.de\/365-tage-sylt\/wp-json\/wp\/v2\/media\/9095"}],"wp:attachment":[{"href":"https:\/\/jessel.de\/365-tage-sylt\/wp-json\/wp\/v2\/media?parent=9091"}],"wp:term":[{"taxonomy":"category","embeddable":true,"href":"https:\/\/jessel.de\/365-tage-sylt\/wp-json\/wp\/v2\/categories?post=9091"},{"taxonomy":"post_tag","embeddable":true,"href":"https:\/\/jessel.de\/365-tage-sylt\/wp-json\/wp\/v2\/tags?post=9091"}],"curies":[{"name":"wp","href":"https:\/\/api.w.org\/{rel}","templated":true}]}}