{"id":9156,"date":"2021-06-08T12:23:42","date_gmt":"2021-06-08T12:23:42","guid":{"rendered":"https:\/\/jessel.de\/365-tage-sylt\/?p=9156"},"modified":"2021-06-09T13:27:51","modified_gmt":"2021-06-09T13:27:51","slug":"8-juni-heute-im-morgengrauen","status":"publish","type":"post","link":"https:\/\/jessel.de\/365-tage-sylt\/8-juni-heute-im-morgengrauen\/","title":{"rendered":"8.\/9. Juni: \u201eG\u00e4\u00e4\u00e4\u00e4\u00e4hn, bitte um diese Uhrzeit keine Fotos!\u201c"},"content":{"rendered":"<p>Was f\u00fcr wunderbare Nebelstimmungen in diesen Tagen! \u201eTraumhaft!\u201c w\u00fcrde ich mal sagen:<\/p>\n<p><img loading=\"lazy\" decoding=\"async\" class=\"alignnone size-full wp-image-9162\" src=\"https:\/\/jessel.de\/365-tage-sylt\/wp-content\/uploads\/2021\/06\/AC2604FB-54C0-4864-9FDD-9DFA1C498795.jpeg\" alt=\"\" width=\"1234\" height=\"800\" srcset=\"https:\/\/jessel.de\/365-tage-sylt\/wp-content\/uploads\/2021\/06\/AC2604FB-54C0-4864-9FDD-9DFA1C498795.jpeg 1234w, https:\/\/jessel.de\/365-tage-sylt\/wp-content\/uploads\/2021\/06\/AC2604FB-54C0-4864-9FDD-9DFA1C498795-300x194.jpeg 300w, https:\/\/jessel.de\/365-tage-sylt\/wp-content\/uploads\/2021\/06\/AC2604FB-54C0-4864-9FDD-9DFA1C498795-1024x664.jpeg 1024w, https:\/\/jessel.de\/365-tage-sylt\/wp-content\/uploads\/2021\/06\/AC2604FB-54C0-4864-9FDD-9DFA1C498795-768x498.jpeg 768w\" sizes=\"auto, (max-width: 1234px) 100vw, 1234px\" \/><\/p>\n<p>Ruhe steht der Insel doch am allerbesten zu Gesicht. Und die gibt\u2019s reichlich&#8230; und gratis, morgens zwischen 3:30 und 5 Uhr:<\/p>\n<p><img loading=\"lazy\" decoding=\"async\" class=\"alignnone size-full wp-image-9164\" src=\"https:\/\/jessel.de\/365-tage-sylt\/wp-content\/uploads\/2021\/06\/23A4A06E-3582-41BF-98E2-C165F190F09B.jpeg\" alt=\"\" width=\"1204\" height=\"800\" srcset=\"https:\/\/jessel.de\/365-tage-sylt\/wp-content\/uploads\/2021\/06\/23A4A06E-3582-41BF-98E2-C165F190F09B.jpeg 1204w, https:\/\/jessel.de\/365-tage-sylt\/wp-content\/uploads\/2021\/06\/23A4A06E-3582-41BF-98E2-C165F190F09B-300x199.jpeg 300w, https:\/\/jessel.de\/365-tage-sylt\/wp-content\/uploads\/2021\/06\/23A4A06E-3582-41BF-98E2-C165F190F09B-1024x680.jpeg 1024w, https:\/\/jessel.de\/365-tage-sylt\/wp-content\/uploads\/2021\/06\/23A4A06E-3582-41BF-98E2-C165F190F09B-768x510.jpeg 768w\" sizes=\"auto, (max-width: 1204px) 100vw, 1204px\" \/><\/p>\n<p>Die Sonne kommt gegen 4:50 Uhr und es gilt, zu diesen Minuten ein williges Motiv vor die Linse zu bekommen:<\/p>\n<p><img loading=\"lazy\" decoding=\"async\" class=\"alignnone size-full wp-image-9163\" src=\"https:\/\/jessel.de\/365-tage-sylt\/wp-content\/uploads\/2021\/06\/36D7A05C-6E88-4D88-A5DC-99170C2CEF5A.jpeg\" alt=\"\" width=\"1204\" height=\"800\" srcset=\"https:\/\/jessel.de\/365-tage-sylt\/wp-content\/uploads\/2021\/06\/36D7A05C-6E88-4D88-A5DC-99170C2CEF5A.jpeg 1204w, https:\/\/jessel.de\/365-tage-sylt\/wp-content\/uploads\/2021\/06\/36D7A05C-6E88-4D88-A5DC-99170C2CEF5A-300x199.jpeg 300w, https:\/\/jessel.de\/365-tage-sylt\/wp-content\/uploads\/2021\/06\/36D7A05C-6E88-4D88-A5DC-99170C2CEF5A-1024x680.jpeg 1024w, https:\/\/jessel.de\/365-tage-sylt\/wp-content\/uploads\/2021\/06\/36D7A05C-6E88-4D88-A5DC-99170C2CEF5A-768x510.jpeg 768w\" sizes=\"auto, (max-width: 1204px) 100vw, 1204px\" \/><\/p>\n<p>Eine gute halbe Stunde sp\u00e4ter erreichen die ersten Strahlen den Weststrand:<\/p>\n<p><img loading=\"lazy\" decoding=\"async\" class=\"alignnone size-full wp-image-9165\" src=\"https:\/\/jessel.de\/365-tage-sylt\/wp-content\/uploads\/2021\/06\/1D8136D9-0510-48F0-BE38-767135C36E66.jpeg\" alt=\"\" width=\"1204\" height=\"800\" srcset=\"https:\/\/jessel.de\/365-tage-sylt\/wp-content\/uploads\/2021\/06\/1D8136D9-0510-48F0-BE38-767135C36E66.jpeg 1204w, https:\/\/jessel.de\/365-tage-sylt\/wp-content\/uploads\/2021\/06\/1D8136D9-0510-48F0-BE38-767135C36E66-300x199.jpeg 300w, https:\/\/jessel.de\/365-tage-sylt\/wp-content\/uploads\/2021\/06\/1D8136D9-0510-48F0-BE38-767135C36E66-1024x680.jpeg 1024w, https:\/\/jessel.de\/365-tage-sylt\/wp-content\/uploads\/2021\/06\/1D8136D9-0510-48F0-BE38-767135C36E66-768x510.jpeg 768w\" sizes=\"auto, (max-width: 1204px) 100vw, 1204px\" \/><\/p>\n<p>Noch schnell ein Abschiedsbild von diesem ganzen Natur &#8211; Zauber&#8230;:<\/p>\n<p><img loading=\"lazy\" decoding=\"async\" class=\"alignnone size-full wp-image-9166\" src=\"https:\/\/jessel.de\/365-tage-sylt\/wp-content\/uploads\/2021\/06\/616608B8-76ED-488C-9C9E-021EE73C5611.jpeg\" alt=\"\" width=\"1204\" height=\"800\" srcset=\"https:\/\/jessel.de\/365-tage-sylt\/wp-content\/uploads\/2021\/06\/616608B8-76ED-488C-9C9E-021EE73C5611.jpeg 1204w, https:\/\/jessel.de\/365-tage-sylt\/wp-content\/uploads\/2021\/06\/616608B8-76ED-488C-9C9E-021EE73C5611-300x199.jpeg 300w, https:\/\/jessel.de\/365-tage-sylt\/wp-content\/uploads\/2021\/06\/616608B8-76ED-488C-9C9E-021EE73C5611-1024x680.jpeg 1024w, https:\/\/jessel.de\/365-tage-sylt\/wp-content\/uploads\/2021\/06\/616608B8-76ED-488C-9C9E-021EE73C5611-768x510.jpeg 768w\" sizes=\"auto, (max-width: 1204px) 100vw, 1204px\" \/><\/p>\n<p>&#8230; und dann zum Baden ins Meer!<\/p>\n","protected":false},"excerpt":{"rendered":"<p>Was f\u00fcr wunderbare Nebelstimmungen in diesen Tagen! \u201eTraumhaft!\u201c w\u00fcrde ich mal sagen: Ruhe steht der Insel doch am allerbesten zu Gesicht. Und die gibt\u2019s reichlich&#8230; und gratis, morgens zwischen 3:30 und 5 Uhr: Die Sonne kommt gegen 4:50 Uhr und es gilt, zu diesen Minuten ein williges Motiv vor die Linse zu bekommen: Eine gute halbe Stunde sp\u00e4ter erreichen die ersten Strahlen den Weststrand: Noch schnell ein Abschiedsbild von diesem&hellip;<\/p>\n","protected":false},"author":2,"featured_media":9161,"comment_status":"open","ping_status":"open","sticky":false,"template":"","format":"standard","meta":{"footnotes":""},"categories":[27,41,40,31],"tags":[],"class_list":["post-9156","post","type-post","status-publish","format-standard","has-post-thumbnail","hentry","category-alle-bilder","category-fruehling","category-tiere","category-tinnum"],"jetpack_featured_media_url":"https:\/\/jessel.de\/365-tage-sylt\/wp-content\/uploads\/2021\/06\/EEB4E317-ECC7-4DBA-9387-61709A5732A5.jpeg","_links":{"self":[{"href":"https:\/\/jessel.de\/365-tage-sylt\/wp-json\/wp\/v2\/posts\/9156","targetHints":{"allow":["GET"]}}],"collection":[{"href":"https:\/\/jessel.de\/365-tage-sylt\/wp-json\/wp\/v2\/posts"}],"about":[{"href":"https:\/\/jessel.de\/365-tage-sylt\/wp-json\/wp\/v2\/types\/post"}],"author":[{"embeddable":true,"href":"https:\/\/jessel.de\/365-tage-sylt\/wp-json\/wp\/v2\/users\/2"}],"replies":[{"embeddable":true,"href":"https:\/\/jessel.de\/365-tage-sylt\/wp-json\/wp\/v2\/comments?post=9156"}],"version-history":[{"count":6,"href":"https:\/\/jessel.de\/365-tage-sylt\/wp-json\/wp\/v2\/posts\/9156\/revisions"}],"predecessor-version":[{"id":9170,"href":"https:\/\/jessel.de\/365-tage-sylt\/wp-json\/wp\/v2\/posts\/9156\/revisions\/9170"}],"wp:featuredmedia":[{"embeddable":true,"href":"https:\/\/jessel.de\/365-tage-sylt\/wp-json\/wp\/v2\/media\/9161"}],"wp:attachment":[{"href":"https:\/\/jessel.de\/365-tage-sylt\/wp-json\/wp\/v2\/media?parent=9156"}],"wp:term":[{"taxonomy":"category","embeddable":true,"href":"https:\/\/jessel.de\/365-tage-sylt\/wp-json\/wp\/v2\/categories?post=9156"},{"taxonomy":"post_tag","embeddable":true,"href":"https:\/\/jessel.de\/365-tage-sylt\/wp-json\/wp\/v2\/tags?post=9156"}],"curies":[{"name":"wp","href":"https:\/\/api.w.org\/{rel}","templated":true}]}}