{"id":9171,"date":"2021-06-10T09:01:32","date_gmt":"2021-06-10T09:01:32","guid":{"rendered":"https:\/\/jessel.de\/365-tage-sylt\/?p=9171"},"modified":"2021-06-10T09:01:32","modified_gmt":"2021-06-10T09:01:32","slug":"9-juni-ein-strandspaziergang-am-abend","status":"publish","type":"post","link":"https:\/\/jessel.de\/365-tage-sylt\/9-juni-ein-strandspaziergang-am-abend\/","title":{"rendered":"9. Juni: Ein Strandspaziergang am Abend"},"content":{"rendered":"<p>Einer der definitiv sch\u00f6nsten Str\u00e4nde Europas an einem windstillen Fr\u00fchsommerabend&#8230; bei Niedrigwasser. Dem Paradies sehr nahe.<\/p>\n","protected":false},"excerpt":{"rendered":"<p>Einer der definitiv sch\u00f6nsten Str\u00e4nde Europas an einem windstillen Fr\u00fchsommerabend&#8230; bei Niedrigwasser. Dem Paradies sehr nahe.<\/p>\n","protected":false},"author":2,"featured_media":9172,"comment_status":"open","ping_status":"open","sticky":false,"template":"","format":"standard","meta":{"footnotes":""},"categories":[1],"tags":[],"class_list":["post-9171","post","type-post","status-publish","format-standard","has-post-thumbnail","hentry","category-uncategorized"],"jetpack_featured_media_url":"https:\/\/jessel.de\/365-tage-sylt\/wp-content\/uploads\/2021\/06\/88A7B836-4DCC-4201-96F1-062AB376AD38.jpeg","_links":{"self":[{"href":"https:\/\/jessel.de\/365-tage-sylt\/wp-json\/wp\/v2\/posts\/9171","targetHints":{"allow":["GET"]}}],"collection":[{"href":"https:\/\/jessel.de\/365-tage-sylt\/wp-json\/wp\/v2\/posts"}],"about":[{"href":"https:\/\/jessel.de\/365-tage-sylt\/wp-json\/wp\/v2\/types\/post"}],"author":[{"embeddable":true,"href":"https:\/\/jessel.de\/365-tage-sylt\/wp-json\/wp\/v2\/users\/2"}],"replies":[{"embeddable":true,"href":"https:\/\/jessel.de\/365-tage-sylt\/wp-json\/wp\/v2\/comments?post=9171"}],"version-history":[{"count":1,"href":"https:\/\/jessel.de\/365-tage-sylt\/wp-json\/wp\/v2\/posts\/9171\/revisions"}],"predecessor-version":[{"id":9173,"href":"https:\/\/jessel.de\/365-tage-sylt\/wp-json\/wp\/v2\/posts\/9171\/revisions\/9173"}],"wp:featuredmedia":[{"embeddable":true,"href":"https:\/\/jessel.de\/365-tage-sylt\/wp-json\/wp\/v2\/media\/9172"}],"wp:attachment":[{"href":"https:\/\/jessel.de\/365-tage-sylt\/wp-json\/wp\/v2\/media?parent=9171"}],"wp:term":[{"taxonomy":"category","embeddable":true,"href":"https:\/\/jessel.de\/365-tage-sylt\/wp-json\/wp\/v2\/categories?post=9171"},{"taxonomy":"post_tag","embeddable":true,"href":"https:\/\/jessel.de\/365-tage-sylt\/wp-json\/wp\/v2\/tags?post=9171"}],"curies":[{"name":"wp","href":"https:\/\/api.w.org\/{rel}","templated":true}]}}