{"id":937,"date":"2017-05-08T15:47:14","date_gmt":"2017-05-08T15:47:14","guid":{"rendered":"http:\/\/jessel.de\/365-tage-sylt\/?p=937"},"modified":"2017-05-08T16:08:02","modified_gmt":"2017-05-08T16:08:02","slug":"wirklichkeit","status":"publish","type":"post","link":"https:\/\/jessel.de\/365-tage-sylt\/wirklichkeit\/","title":{"rendered":"Wirklichkeit&#8230;"},"content":{"rendered":"<p>&#8230; und Traum.<\/p>\n<p>Oder: Hans geht seinem Beruf nach. Ein vormitt\u00e4glich wohl gestimmter Spaziergang durch Kampen &#8211; im Sinne der Tourismusf\u00f6rderung.<\/p>\n<p><img loading=\"lazy\" decoding=\"async\" class=\"alignnone size-full wp-image-938\" src=\"http:\/\/jessel.de\/365-tage-sylt\/wp-content\/uploads\/2017\/05\/L1005453.jpg\" alt=\"\" width=\"1201\" height=\"800\" srcset=\"https:\/\/jessel.de\/365-tage-sylt\/wp-content\/uploads\/2017\/05\/L1005453.jpg 1201w, https:\/\/jessel.de\/365-tage-sylt\/wp-content\/uploads\/2017\/05\/L1005453-300x200.jpg 300w, https:\/\/jessel.de\/365-tage-sylt\/wp-content\/uploads\/2017\/05\/L1005453-768x512.jpg 768w, https:\/\/jessel.de\/365-tage-sylt\/wp-content\/uploads\/2017\/05\/L1005453-1024x682.jpg 1024w\" sizes=\"auto, (max-width: 1201px) 100vw, 1201px\" \/><\/p>\n<p>Reetdachh\u00e4user gehen immer gut. Kirschbl\u00fcte willkommen. Schatten aufgehellt, Rasen digital ges\u00e4ubert, ein paar st\u00f6rende Details weg gepixelt.<\/p>\n<p><img loading=\"lazy\" decoding=\"async\" class=\"alignnone size-full wp-image-940\" src=\"http:\/\/jessel.de\/365-tage-sylt\/wp-content\/uploads\/2017\/05\/L1005504.jpg\" alt=\"\" width=\"1200\" height=\"800\" srcset=\"https:\/\/jessel.de\/365-tage-sylt\/wp-content\/uploads\/2017\/05\/L1005504.jpg 1200w, https:\/\/jessel.de\/365-tage-sylt\/wp-content\/uploads\/2017\/05\/L1005504-300x200.jpg 300w, https:\/\/jessel.de\/365-tage-sylt\/wp-content\/uploads\/2017\/05\/L1005504-768x512.jpg 768w, https:\/\/jessel.de\/365-tage-sylt\/wp-content\/uploads\/2017\/05\/L1005504-1024x683.jpg 1024w\" sizes=\"auto, (max-width: 1200px) 100vw, 1200px\" \/><\/p>\n<p>Reetdachh\u00e4user in Gruppen gehen noch besser. \u00a0Ansonsten nichts ge\u00e4ndert. Etwas un-idyllisch aber.<\/p>\n<p><img loading=\"lazy\" decoding=\"async\" class=\"alignnone size-full wp-image-945\" src=\"http:\/\/jessel.de\/365-tage-sylt\/wp-content\/uploads\/2017\/05\/L1005481.jpg\" alt=\"\" width=\"1461\" height=\"800\" srcset=\"https:\/\/jessel.de\/365-tage-sylt\/wp-content\/uploads\/2017\/05\/L1005481.jpg 1461w, https:\/\/jessel.de\/365-tage-sylt\/wp-content\/uploads\/2017\/05\/L1005481-300x164.jpg 300w, https:\/\/jessel.de\/365-tage-sylt\/wp-content\/uploads\/2017\/05\/L1005481-768x421.jpg 768w, https:\/\/jessel.de\/365-tage-sylt\/wp-content\/uploads\/2017\/05\/L1005481-1024x561.jpg 1024w\" sizes=\"auto, (max-width: 1461px) 100vw, 1461px\" \/><\/p>\n<p>Aaaaaaaah! Etwas rurale Stimmung, allerbest! L\u00e4uft!<\/p>\n<p><img loading=\"lazy\" decoding=\"async\" class=\"alignnone size-full wp-image-939\" src=\"http:\/\/jessel.de\/365-tage-sylt\/wp-content\/uploads\/2017\/05\/L1005458.jpg\" alt=\"\" width=\"1201\" height=\"800\" srcset=\"https:\/\/jessel.de\/365-tage-sylt\/wp-content\/uploads\/2017\/05\/L1005458.jpg 1201w, https:\/\/jessel.de\/365-tage-sylt\/wp-content\/uploads\/2017\/05\/L1005458-300x200.jpg 300w, https:\/\/jessel.de\/365-tage-sylt\/wp-content\/uploads\/2017\/05\/L1005458-768x512.jpg 768w, https:\/\/jessel.de\/365-tage-sylt\/wp-content\/uploads\/2017\/05\/L1005458-1024x682.jpg 1024w\" sizes=\"auto, (max-width: 1201px) 100vw, 1201px\" \/><\/p>\n<p>Der Leuchtturm fehlte noch. Die Fotos von gl\u00fccklichen, jungen und sch\u00f6nen(!) Menschen, die sich auf Promi-Kneipenterrassen mit Champagnergl\u00e4schen in der Sonne aalen &#8211; \u00e4h DIE muss ich leider nachreichen, war heute ein eiskalter Wind aus dem Norden. Da sa\u00df keiner drau\u00dfen.<\/p>\n<p>Aufm R\u00fcckweg radel` ich noch durch Wenningstedt:<\/p>\n<p><img loading=\"lazy\" decoding=\"async\" class=\"alignnone size-full wp-image-942\" src=\"http:\/\/jessel.de\/365-tage-sylt\/wp-content\/uploads\/2017\/05\/L1005527.jpg\" alt=\"\" width=\"1200\" height=\"800\" srcset=\"https:\/\/jessel.de\/365-tage-sylt\/wp-content\/uploads\/2017\/05\/L1005527.jpg 1200w, https:\/\/jessel.de\/365-tage-sylt\/wp-content\/uploads\/2017\/05\/L1005527-300x200.jpg 300w, https:\/\/jessel.de\/365-tage-sylt\/wp-content\/uploads\/2017\/05\/L1005527-768x512.jpg 768w, https:\/\/jessel.de\/365-tage-sylt\/wp-content\/uploads\/2017\/05\/L1005527-1024x683.jpg 1024w\" sizes=\"auto, (max-width: 1200px) 100vw, 1200px\" \/><\/p>\n<p>Nun wisst Ihr, wie Sylt im Traum aussieht.<\/p>\n","protected":false},"excerpt":{"rendered":"<p>&#8230; und Traum. Oder: Hans geht seinem Beruf nach. Ein vormitt\u00e4glich wohl gestimmter Spaziergang durch Kampen &#8211; im Sinne der Tourismusf\u00f6rderung. Reetdachh\u00e4user gehen immer gut. Kirschbl\u00fcte willkommen. Schatten aufgehellt, Rasen digital ges\u00e4ubert, ein paar st\u00f6rende Details weg gepixelt. Reetdachh\u00e4user in Gruppen gehen noch besser. \u00a0Ansonsten nichts ge\u00e4ndert. Etwas un-idyllisch aber. Aaaaaaaah! Etwas rurale Stimmung, allerbest! L\u00e4uft! Der Leuchtturm fehlte noch. Die Fotos von gl\u00fccklichen, jungen und sch\u00f6nen(!) Menschen, die sich&hellip;<\/p>\n","protected":false},"author":2,"featured_media":941,"comment_status":"open","ping_status":"open","sticky":false,"template":"","format":"standard","meta":{"footnotes":""},"categories":[27,41,28,25,2],"tags":[],"class_list":["post-937","post","type-post","status-publish","format-standard","has-post-thumbnail","hentry","category-alle-bilder","category-fruehling","category-haeuser","category-kampen","category-tourismus"],"jetpack_featured_media_url":"https:\/\/jessel.de\/365-tage-sylt\/wp-content\/uploads\/2017\/05\/L1005511.jpg","_links":{"self":[{"href":"https:\/\/jessel.de\/365-tage-sylt\/wp-json\/wp\/v2\/posts\/937","targetHints":{"allow":["GET"]}}],"collection":[{"href":"https:\/\/jessel.de\/365-tage-sylt\/wp-json\/wp\/v2\/posts"}],"about":[{"href":"https:\/\/jessel.de\/365-tage-sylt\/wp-json\/wp\/v2\/types\/post"}],"author":[{"embeddable":true,"href":"https:\/\/jessel.de\/365-tage-sylt\/wp-json\/wp\/v2\/users\/2"}],"replies":[{"embeddable":true,"href":"https:\/\/jessel.de\/365-tage-sylt\/wp-json\/wp\/v2\/comments?post=937"}],"version-history":[{"count":3,"href":"https:\/\/jessel.de\/365-tage-sylt\/wp-json\/wp\/v2\/posts\/937\/revisions"}],"predecessor-version":[{"id":946,"href":"https:\/\/jessel.de\/365-tage-sylt\/wp-json\/wp\/v2\/posts\/937\/revisions\/946"}],"wp:featuredmedia":[{"embeddable":true,"href":"https:\/\/jessel.de\/365-tage-sylt\/wp-json\/wp\/v2\/media\/941"}],"wp:attachment":[{"href":"https:\/\/jessel.de\/365-tage-sylt\/wp-json\/wp\/v2\/media?parent=937"}],"wp:term":[{"taxonomy":"category","embeddable":true,"href":"https:\/\/jessel.de\/365-tage-sylt\/wp-json\/wp\/v2\/categories?post=937"},{"taxonomy":"post_tag","embeddable":true,"href":"https:\/\/jessel.de\/365-tage-sylt\/wp-json\/wp\/v2\/tags?post=937"}],"curies":[{"name":"wp","href":"https:\/\/api.w.org\/{rel}","templated":true}]}}