{"id":9385,"date":"2021-07-30T17:56:34","date_gmt":"2021-07-30T17:56:34","guid":{"rendered":"https:\/\/jessel.de\/365-tage-sylt\/?p=9385"},"modified":"2021-07-31T04:50:52","modified_gmt":"2021-07-31T04:50:52","slug":"30-juli-gut-angekommen","status":"publish","type":"post","link":"https:\/\/jessel.de\/365-tage-sylt\/30-juli-gut-angekommen\/","title":{"rendered":"30. Juli: Gut angekommen!"},"content":{"rendered":"<p>Foto: Regula G.<br \/>\nGr\u00fcezi mitenand &#8211; aus 2.668 Metern \u00fcber dem Meeresspiegel. Genauer: Von der Fuorcla Grevasalvas oberhalb von Maloja. Die Luft ist d\u00fcnn, der Puls rast, immerhin sind wir zu Fuss hier herauf. Wir?<\/p>\n<p>Da w\u00e4re zun\u00e4chst einmal Regula zu nennen, langj\u00e4hrige Syltfreundin und Blogleserin, die diese Berge wie nur wenige kennt, und uns hier hochgef\u00fchrt hat:<\/p>\n<p><img loading=\"lazy\" decoding=\"async\" class=\"alignnone size-full wp-image-9388\" src=\"https:\/\/jessel.de\/365-tage-sylt\/wp-content\/uploads\/2021\/07\/44CEB672-28BD-456F-A2A8-FE77907059FA.jpeg\" alt=\"\" width=\"1200\" height=\"800\" srcset=\"https:\/\/jessel.de\/365-tage-sylt\/wp-content\/uploads\/2021\/07\/44CEB672-28BD-456F-A2A8-FE77907059FA.jpeg 1200w, https:\/\/jessel.de\/365-tage-sylt\/wp-content\/uploads\/2021\/07\/44CEB672-28BD-456F-A2A8-FE77907059FA-300x200.jpeg 300w, https:\/\/jessel.de\/365-tage-sylt\/wp-content\/uploads\/2021\/07\/44CEB672-28BD-456F-A2A8-FE77907059FA-1024x683.jpeg 1024w, https:\/\/jessel.de\/365-tage-sylt\/wp-content\/uploads\/2021\/07\/44CEB672-28BD-456F-A2A8-FE77907059FA-768x512.jpeg 768w\" sizes=\"auto, (max-width: 1200px) 100vw, 1200px\" \/><\/p>\n<p>Uns? Ja, ihre T\u00f6chter Tina und Julia sind n\u00e4mlich auch dabei:<\/p>\n<p><img loading=\"lazy\" decoding=\"async\" class=\"alignnone size-full wp-image-9389\" src=\"https:\/\/jessel.de\/365-tage-sylt\/wp-content\/uploads\/2021\/07\/79E489DD-10B2-4C0A-9BDE-53D0FE6E5CA9.jpeg\" alt=\"\" width=\"1200\" height=\"800\" srcset=\"https:\/\/jessel.de\/365-tage-sylt\/wp-content\/uploads\/2021\/07\/79E489DD-10B2-4C0A-9BDE-53D0FE6E5CA9.jpeg 1200w, https:\/\/jessel.de\/365-tage-sylt\/wp-content\/uploads\/2021\/07\/79E489DD-10B2-4C0A-9BDE-53D0FE6E5CA9-300x200.jpeg 300w, https:\/\/jessel.de\/365-tage-sylt\/wp-content\/uploads\/2021\/07\/79E489DD-10B2-4C0A-9BDE-53D0FE6E5CA9-1024x683.jpeg 1024w, https:\/\/jessel.de\/365-tage-sylt\/wp-content\/uploads\/2021\/07\/79E489DD-10B2-4C0A-9BDE-53D0FE6E5CA9-768x512.jpeg 768w\" sizes=\"auto, (max-width: 1200px) 100vw, 1200px\" \/><\/p>\n<p>Der Zeit-Slot ist kurz: Wieder sind zum fr\u00fchen Nachmittag Gewitter angek\u00fcndigt, und bis dahin sollten wir ins Basislager zur\u00fcckgekehrt sein. Das liegt zwei Stunden Wegstrecke und 500 H\u00f6henmeter tiefer, irgendwo ganz hinten im Bild:<\/p>\n<p><img loading=\"lazy\" decoding=\"async\" class=\"alignnone size-full wp-image-9390\" src=\"https:\/\/jessel.de\/365-tage-sylt\/wp-content\/uploads\/2021\/07\/1BFB8A0B-0C38-4152-945C-0037022CA82C.jpeg\" alt=\"\" width=\"1200\" height=\"800\" srcset=\"https:\/\/jessel.de\/365-tage-sylt\/wp-content\/uploads\/2021\/07\/1BFB8A0B-0C38-4152-945C-0037022CA82C.jpeg 1200w, https:\/\/jessel.de\/365-tage-sylt\/wp-content\/uploads\/2021\/07\/1BFB8A0B-0C38-4152-945C-0037022CA82C-300x200.jpeg 300w, https:\/\/jessel.de\/365-tage-sylt\/wp-content\/uploads\/2021\/07\/1BFB8A0B-0C38-4152-945C-0037022CA82C-1024x683.jpeg 1024w, https:\/\/jessel.de\/365-tage-sylt\/wp-content\/uploads\/2021\/07\/1BFB8A0B-0C38-4152-945C-0037022CA82C-768x512.jpeg 768w\" sizes=\"auto, (max-width: 1200px) 100vw, 1200px\" \/>Foto: Regula G.<\/p>\n<p>Das Licht wird zunehmend dramatischer:<\/p>\n<p><img loading=\"lazy\" decoding=\"async\" class=\"size-full wp-image-9391\" src=\"https:\/\/jessel.de\/365-tage-sylt\/wp-content\/uploads\/2021\/07\/1CCE76D2-7BEA-46D9-9F0F-7E78B0B4EE33.jpeg\" alt=\"\" width=\"1200\" height=\"800\" srcset=\"https:\/\/jessel.de\/365-tage-sylt\/wp-content\/uploads\/2021\/07\/1CCE76D2-7BEA-46D9-9F0F-7E78B0B4EE33.jpeg 1200w, https:\/\/jessel.de\/365-tage-sylt\/wp-content\/uploads\/2021\/07\/1CCE76D2-7BEA-46D9-9F0F-7E78B0B4EE33-300x200.jpeg 300w, https:\/\/jessel.de\/365-tage-sylt\/wp-content\/uploads\/2021\/07\/1CCE76D2-7BEA-46D9-9F0F-7E78B0B4EE33-1024x683.jpeg 1024w, https:\/\/jessel.de\/365-tage-sylt\/wp-content\/uploads\/2021\/07\/1CCE76D2-7BEA-46D9-9F0F-7E78B0B4EE33-768x512.jpeg 768w\" sizes=\"auto, (max-width: 1200px) 100vw, 1200px\" \/><\/p>\n<p>Kurz vorm Ziel noch ein kurzes P\u00e4uschen mit diiieeesem Blick:<\/p>\n<p><img loading=\"lazy\" decoding=\"async\" class=\"alignnone size-full wp-image-9393\" src=\"https:\/\/jessel.de\/365-tage-sylt\/wp-content\/uploads\/2021\/07\/DDE7ED8A-5C0E-4FF8-82D6-010C0DCC9EB7-scaled.jpeg\" alt=\"\" width=\"2560\" height=\"1068\" srcset=\"https:\/\/jessel.de\/365-tage-sylt\/wp-content\/uploads\/2021\/07\/DDE7ED8A-5C0E-4FF8-82D6-010C0DCC9EB7-scaled.jpeg 2560w, https:\/\/jessel.de\/365-tage-sylt\/wp-content\/uploads\/2021\/07\/DDE7ED8A-5C0E-4FF8-82D6-010C0DCC9EB7-300x125.jpeg 300w, https:\/\/jessel.de\/365-tage-sylt\/wp-content\/uploads\/2021\/07\/DDE7ED8A-5C0E-4FF8-82D6-010C0DCC9EB7-1024x427.jpeg 1024w, https:\/\/jessel.de\/365-tage-sylt\/wp-content\/uploads\/2021\/07\/DDE7ED8A-5C0E-4FF8-82D6-010C0DCC9EB7-768x320.jpeg 768w, https:\/\/jessel.de\/365-tage-sylt\/wp-content\/uploads\/2021\/07\/DDE7ED8A-5C0E-4FF8-82D6-010C0DCC9EB7-1536x641.jpeg 1536w, https:\/\/jessel.de\/365-tage-sylt\/wp-content\/uploads\/2021\/07\/DDE7ED8A-5C0E-4FF8-82D6-010C0DCC9EB7-2048x854.jpeg 2048w\" sizes=\"auto, (max-width: 2560px) 100vw, 2560px\" \/><\/p>\n<p>Morgen mehr!<\/p>\n","protected":false},"excerpt":{"rendered":"<p>Foto: Regula G. Gr\u00fcezi mitenand &#8211; aus 2.668 Metern \u00fcber dem Meeresspiegel. Genauer: Von der Fuorcla Grevasalvas oberhalb von Maloja. Die Luft ist d\u00fcnn, der Puls rast, immerhin sind wir zu Fuss hier herauf. Wir? Da w\u00e4re zun\u00e4chst einmal Regula zu nennen, langj\u00e4hrige Syltfreundin und Blogleserin, die diese Berge wie nur wenige kennt, und uns hier hochgef\u00fchrt hat: Uns? Ja, ihre T\u00f6chter Tina und Julia sind n\u00e4mlich auch dabei: Der&hellip;<\/p>\n","protected":false},"author":2,"featured_media":9387,"comment_status":"open","ping_status":"open","sticky":false,"template":"","format":"standard","meta":{"footnotes":""},"categories":[27,39,3,46,4,2,33],"tags":[],"class_list":["post-9385","post","type-post","status-publish","format-standard","has-post-thumbnail","hentry","category-alle-bilder","category-arbeit","category-menschen","category-sommer","category-spuren","category-tourismus","category-woanders"],"jetpack_featured_media_url":"https:\/\/jessel.de\/365-tage-sylt\/wp-content\/uploads\/2021\/07\/1A78B81D-C1CB-4EE2-8F90-C584F3414D07.jpeg","_links":{"self":[{"href":"https:\/\/jessel.de\/365-tage-sylt\/wp-json\/wp\/v2\/posts\/9385","targetHints":{"allow":["GET"]}}],"collection":[{"href":"https:\/\/jessel.de\/365-tage-sylt\/wp-json\/wp\/v2\/posts"}],"about":[{"href":"https:\/\/jessel.de\/365-tage-sylt\/wp-json\/wp\/v2\/types\/post"}],"author":[{"embeddable":true,"href":"https:\/\/jessel.de\/365-tage-sylt\/wp-json\/wp\/v2\/users\/2"}],"replies":[{"embeddable":true,"href":"https:\/\/jessel.de\/365-tage-sylt\/wp-json\/wp\/v2\/comments?post=9385"}],"version-history":[{"count":4,"href":"https:\/\/jessel.de\/365-tage-sylt\/wp-json\/wp\/v2\/posts\/9385\/revisions"}],"predecessor-version":[{"id":9397,"href":"https:\/\/jessel.de\/365-tage-sylt\/wp-json\/wp\/v2\/posts\/9385\/revisions\/9397"}],"wp:featuredmedia":[{"embeddable":true,"href":"https:\/\/jessel.de\/365-tage-sylt\/wp-json\/wp\/v2\/media\/9387"}],"wp:attachment":[{"href":"https:\/\/jessel.de\/365-tage-sylt\/wp-json\/wp\/v2\/media?parent=9385"}],"wp:term":[{"taxonomy":"category","embeddable":true,"href":"https:\/\/jessel.de\/365-tage-sylt\/wp-json\/wp\/v2\/categories?post=9385"},{"taxonomy":"post_tag","embeddable":true,"href":"https:\/\/jessel.de\/365-tage-sylt\/wp-json\/wp\/v2\/tags?post=9385"}],"curies":[{"name":"wp","href":"https:\/\/api.w.org\/{rel}","templated":true}]}}