{"id":9398,"date":"2021-07-31T16:19:08","date_gmt":"2021-07-31T16:19:08","guid":{"rendered":"https:\/\/jessel.de\/365-tage-sylt\/?p=9398"},"modified":"2021-07-31T16:35:21","modified_gmt":"2021-07-31T16:35:21","slug":"31-juli-weiter-gehts","status":"publish","type":"post","link":"https:\/\/jessel.de\/365-tage-sylt\/31-juli-weiter-gehts\/","title":{"rendered":"31. Juli: Weiter geht\u2019s!"},"content":{"rendered":"<p>Heute starten wir von der Haust\u00fcr aus, herrlich! Eine muntere Morgenk\u00fchle liegt \u00fcber dem Wissigenboden, der Nebel lichtet sich und steigt mit uns auf. Nach gut 300 H\u00f6henmetern die erste Rast. Wir erreichen einen Trail, der \u00a0unter Mountainbikern als \u201eEpic Trail\u201c zu den Highlights Europas geh\u00f6rt, und auch zur Strecke des \u201eSwiss Alpine Marathons\u201c geh\u00f6rt. Von sowas tr\u00e4umt man\/frau als L\u00e4ufer:<\/p>\n<p><img loading=\"lazy\" decoding=\"async\" class=\"alignnone size-full wp-image-9400\" src=\"https:\/\/jessel.de\/365-tage-sylt\/wp-content\/uploads\/2021\/07\/C99619D0-AFDC-47F5-8E53-44F671616D49.jpeg\" alt=\"\" width=\"1200\" height=\"800\" srcset=\"https:\/\/jessel.de\/365-tage-sylt\/wp-content\/uploads\/2021\/07\/C99619D0-AFDC-47F5-8E53-44F671616D49.jpeg 1200w, https:\/\/jessel.de\/365-tage-sylt\/wp-content\/uploads\/2021\/07\/C99619D0-AFDC-47F5-8E53-44F671616D49-300x200.jpeg 300w, https:\/\/jessel.de\/365-tage-sylt\/wp-content\/uploads\/2021\/07\/C99619D0-AFDC-47F5-8E53-44F671616D49-1024x683.jpeg 1024w, https:\/\/jessel.de\/365-tage-sylt\/wp-content\/uploads\/2021\/07\/C99619D0-AFDC-47F5-8E53-44F671616D49-768x512.jpeg 768w\" sizes=\"auto, (max-width: 1200px) 100vw, 1200px\" \/><\/p>\n<p>Wir nutzen den Weg f\u00fcr einige botanische Studien. Und entdecken verschiedene Enzian-Arten, Knabenkraut, Arnika etc pp.. Hier beim Schnuppern am \u201eM\u00e4nnertreu\u201c, der verbl\u00fcffend schokoladig r\u00fcberkommt. Aufgrund der raffinierten Kameraf\u00fchrung ist das M\u00e4nnertreu hier allerdings nicht sichtbar\u2026 es schien der aufstrebenden Fotografin um etwas anderes zu gehen:<\/p>\n<p><img loading=\"lazy\" decoding=\"async\" class=\"alignnone size-full wp-image-9401\" src=\"https:\/\/jessel.de\/365-tage-sylt\/wp-content\/uploads\/2021\/07\/0E301F4B-3B04-4AD9-B151-386A20AC5DDB.jpeg\" alt=\"\" width=\"1200\" height=\"800\" srcset=\"https:\/\/jessel.de\/365-tage-sylt\/wp-content\/uploads\/2021\/07\/0E301F4B-3B04-4AD9-B151-386A20AC5DDB.jpeg 1200w, https:\/\/jessel.de\/365-tage-sylt\/wp-content\/uploads\/2021\/07\/0E301F4B-3B04-4AD9-B151-386A20AC5DDB-300x200.jpeg 300w, https:\/\/jessel.de\/365-tage-sylt\/wp-content\/uploads\/2021\/07\/0E301F4B-3B04-4AD9-B151-386A20AC5DDB-1024x683.jpeg 1024w, https:\/\/jessel.de\/365-tage-sylt\/wp-content\/uploads\/2021\/07\/0E301F4B-3B04-4AD9-B151-386A20AC5DDB-768x512.jpeg 768w\" sizes=\"auto, (max-width: 1200px) 100vw, 1200px\" \/><br \/>\nFoto: Tina G.<\/p>\n<p>Nach 500 H\u00f6henmetern erreichen wir eine traumhafte Talblick-Rast-M\u00f6glichkeit. Die bereits fr\u00fchmorgens von dienstbaren Geistern geschmierten K\u00e4sebrote schmecken einfach nur EINS A:<\/p>\n<p><img loading=\"lazy\" decoding=\"async\" class=\"alignnone size-full wp-image-9402\" src=\"https:\/\/jessel.de\/365-tage-sylt\/wp-content\/uploads\/2021\/07\/F1329D7E-96AC-47B2-959D-AE33C5C38214.jpeg\" alt=\"\" width=\"1200\" height=\"800\" srcset=\"https:\/\/jessel.de\/365-tage-sylt\/wp-content\/uploads\/2021\/07\/F1329D7E-96AC-47B2-959D-AE33C5C38214.jpeg 1200w, https:\/\/jessel.de\/365-tage-sylt\/wp-content\/uploads\/2021\/07\/F1329D7E-96AC-47B2-959D-AE33C5C38214-300x200.jpeg 300w, https:\/\/jessel.de\/365-tage-sylt\/wp-content\/uploads\/2021\/07\/F1329D7E-96AC-47B2-959D-AE33C5C38214-1024x683.jpeg 1024w, https:\/\/jessel.de\/365-tage-sylt\/wp-content\/uploads\/2021\/07\/F1329D7E-96AC-47B2-959D-AE33C5C38214-768x512.jpeg 768w\" sizes=\"auto, (max-width: 1200px) 100vw, 1200px\" \/>Foto: Tina G.<\/p>\n<p>4,5 Stunden reiner Wanderung (+ Pausen) liegen hinter uns, als wir \u00a0gegen 14:45 Uhr unseren Zielort mit dem sch\u00f6nen Namen \u201eSand\u201c anlaufen:<\/p>\n<p><img loading=\"lazy\" decoding=\"async\" class=\"alignnone size-full wp-image-9404\" src=\"https:\/\/jessel.de\/365-tage-sylt\/wp-content\/uploads\/2021\/07\/C382A460-FC52-45E0-9D74-C8477A0AB5A2.jpeg\" alt=\"\" width=\"1200\" height=\"800\" srcset=\"https:\/\/jessel.de\/365-tage-sylt\/wp-content\/uploads\/2021\/07\/C382A460-FC52-45E0-9D74-C8477A0AB5A2.jpeg 1200w, https:\/\/jessel.de\/365-tage-sylt\/wp-content\/uploads\/2021\/07\/C382A460-FC52-45E0-9D74-C8477A0AB5A2-300x200.jpeg 300w, https:\/\/jessel.de\/365-tage-sylt\/wp-content\/uploads\/2021\/07\/C382A460-FC52-45E0-9D74-C8477A0AB5A2-1024x683.jpeg 1024w, https:\/\/jessel.de\/365-tage-sylt\/wp-content\/uploads\/2021\/07\/C382A460-FC52-45E0-9D74-C8477A0AB5A2-768x512.jpeg 768w\" sizes=\"auto, (max-width: 1200px) 100vw, 1200px\" \/><\/p>\n<p>Auf der weitl\u00e4ufigen Terrasse des Hotels Walserhuus (das gro\u00dfe Geb\u00e4ude im Bild) steht die Belohnung an: Schweizer Eisbecher und Apfelstrudel sind die Renner des Hauses\u2026 da langen wir doch gerne zu.<\/p>\n<p>Dann ab in den n\u00e4chsten Postbus zur\u00fcck \u201enach Hause\u201c\u2026 wir erreichen den Wissigenboden nach halbst\u00fcndigem Aufstieg vom Bahnhof mit den ersten Regentropfen, die uns am morgigen Schweizer Nationalfeiertag wohl einen Ruhetag bescheren werden.<\/p>\n<p>Nachtrag um 18:30 Uhr: Das Abendessen steht an. Es gibt (u.a.) selbstgesammelte Pfifferlinge:<\/p>\n<p><img loading=\"lazy\" decoding=\"async\" class=\"alignnone size-full wp-image-9408\" src=\"https:\/\/jessel.de\/365-tage-sylt\/wp-content\/uploads\/2021\/07\/2C076418-42AD-40D1-952E-2C1E2C11CACE.jpeg\" alt=\"\" width=\"1200\" height=\"800\" srcset=\"https:\/\/jessel.de\/365-tage-sylt\/wp-content\/uploads\/2021\/07\/2C076418-42AD-40D1-952E-2C1E2C11CACE.jpeg 1200w, https:\/\/jessel.de\/365-tage-sylt\/wp-content\/uploads\/2021\/07\/2C076418-42AD-40D1-952E-2C1E2C11CACE-300x200.jpeg 300w, https:\/\/jessel.de\/365-tage-sylt\/wp-content\/uploads\/2021\/07\/2C076418-42AD-40D1-952E-2C1E2C11CACE-1024x683.jpeg 1024w, https:\/\/jessel.de\/365-tage-sylt\/wp-content\/uploads\/2021\/07\/2C076418-42AD-40D1-952E-2C1E2C11CACE-768x512.jpeg 768w\" sizes=\"auto, (max-width: 1200px) 100vw, 1200px\" \/><\/p>\n","protected":false},"excerpt":{"rendered":"<p>Heute starten wir von der Haust\u00fcr aus, herrlich! Eine muntere Morgenk\u00fchle liegt \u00fcber dem Wissigenboden, der Nebel lichtet sich und steigt mit uns auf. Nach gut 300 H\u00f6henmetern die erste Rast. Wir erreichen einen Trail, der \u00a0unter Mountainbikern als \u201eEpic Trail\u201c zu den Highlights Europas geh\u00f6rt, und auch zur Strecke des \u201eSwiss Alpine Marathons\u201c geh\u00f6rt. Von sowas tr\u00e4umt man\/frau als L\u00e4ufer: Wir nutzen den Weg f\u00fcr einige botanische Studien. Und&hellip;<\/p>\n","protected":false},"author":2,"featured_media":9399,"comment_status":"open","ping_status":"open","sticky":false,"template":"","format":"standard","meta":{"footnotes":""},"categories":[27,28,3,46,4,2,30,33],"tags":[],"class_list":["post-9398","post","type-post","status-publish","format-standard","has-post-thumbnail","hentry","category-alle-bilder","category-haeuser","category-menschen","category-sommer","category-spuren","category-tourismus","category-tradition","category-woanders"],"jetpack_featured_media_url":"https:\/\/jessel.de\/365-tage-sylt\/wp-content\/uploads\/2021\/07\/F0DDD922-379B-4D94-83F4-BA55E33C1590.jpeg","_links":{"self":[{"href":"https:\/\/jessel.de\/365-tage-sylt\/wp-json\/wp\/v2\/posts\/9398","targetHints":{"allow":["GET"]}}],"collection":[{"href":"https:\/\/jessel.de\/365-tage-sylt\/wp-json\/wp\/v2\/posts"}],"about":[{"href":"https:\/\/jessel.de\/365-tage-sylt\/wp-json\/wp\/v2\/types\/post"}],"author":[{"embeddable":true,"href":"https:\/\/jessel.de\/365-tage-sylt\/wp-json\/wp\/v2\/users\/2"}],"replies":[{"embeddable":true,"href":"https:\/\/jessel.de\/365-tage-sylt\/wp-json\/wp\/v2\/comments?post=9398"}],"version-history":[{"count":5,"href":"https:\/\/jessel.de\/365-tage-sylt\/wp-json\/wp\/v2\/posts\/9398\/revisions"}],"predecessor-version":[{"id":9410,"href":"https:\/\/jessel.de\/365-tage-sylt\/wp-json\/wp\/v2\/posts\/9398\/revisions\/9410"}],"wp:featuredmedia":[{"embeddable":true,"href":"https:\/\/jessel.de\/365-tage-sylt\/wp-json\/wp\/v2\/media\/9399"}],"wp:attachment":[{"href":"https:\/\/jessel.de\/365-tage-sylt\/wp-json\/wp\/v2\/media?parent=9398"}],"wp:term":[{"taxonomy":"category","embeddable":true,"href":"https:\/\/jessel.de\/365-tage-sylt\/wp-json\/wp\/v2\/categories?post=9398"},{"taxonomy":"post_tag","embeddable":true,"href":"https:\/\/jessel.de\/365-tage-sylt\/wp-json\/wp\/v2\/tags?post=9398"}],"curies":[{"name":"wp","href":"https:\/\/api.w.org\/{rel}","templated":true}]}}