{"id":9411,"date":"2021-08-01T16:59:55","date_gmt":"2021-08-01T16:59:55","guid":{"rendered":"https:\/\/jessel.de\/365-tage-sylt\/?p=9411"},"modified":"2021-08-01T18:42:09","modified_gmt":"2021-08-01T18:42:09","slug":"1-august-hagelschauer-ueber-der-chummeralp","status":"publish","type":"post","link":"https:\/\/jessel.de\/365-tage-sylt\/1-august-hagelschauer-ueber-der-chummeralp\/","title":{"rendered":"1. August: Hagelschauer \u00fcber der Chummeralp"},"content":{"rendered":"<p>Foto: Regula G.<\/p>\n<p>Wir wohnen auf dem Wissigenboden, einer grasgr\u00fcnen, in reichlich 1.600 Metern H\u00f6he schwebenden Hangterrasse \u00fcber dem \u00f6stlichen Ufer des Landwassers. Dieser durch sein stets vernehmbares Rauschen zwar st\u00e4ndig anwesende, aber f\u00fcr uns nicht sichtbare Fluss beherbergt &#8211; auf \u00fcber 8 Kilometer Strecke &#8211; \u00fcber eine Handvoll verschiedener Ortsteile von Davos, die eher wie einzelne, weit auseinander liegende D\u00f6rfer wirken, als wie eine zusammenh\u00e4ngende Gro\u00dfgemeinde mit fast 10.000 Einwohnern, mit der die Statistik gerne prahlt.<\/p>\n<p>Um unser kleines H\u00e4uschen herum stehen, stets in geb\u00fchrendem Abstand, nur wenige andere Holzbauten, meist Lagerr\u00e4ume oder St\u00e4lle, aus denen gelegentlich das Bl\u00f6ken der beiden Wissigbodener Esel her\u00fcber schallt &#8211; was, zumindest mir, eine gewisse s\u00fcdl\u00e4ndische Atmosph\u00e4re zu vermitteln vermag.<\/p>\n<p>Diese schwindet schnell beim ersten fr\u00fchmorgendlichen Heraustreten auf die Terrasse. Bei m\u00fchevollen 10 Grad und in Ansicht dieser so betont senkrecht fallenden Regenw\u00e4nde, oder, mehr noch, in Augenh\u00f6he mit den \u00fcber und unter uns wallenden Nebel-Watteschwaden, die, wiederum untermalt von sonnigen Lichterspielen auf steilen H\u00e4ngen, ein stetes Natur-Theater abhalten vor den so viel h\u00f6heren Bergriesen auf der westlichen Seite unseres Landwassertales.<\/p>\n<p>Das heutige Bild, fotografiert von Regula, entstand am fr\u00fchen Abend, als sich nach ank\u00fcndigendem Gewittergrollen eine zun\u00e4chst ganz harmlos fern erscheinende Schauer-Girlande \u00fcber den Kamm der fast 3.000 Meter hohe Chummeralp ergie\u00dft, die sich tats\u00e4chlich innerhalb von wenigen Minuten, bei urpl\u00f6tzlich sturmartig auffrischendem Wind, \u00fcber das gesamte Tal bis zu uns herauf ausbreitet, und die sommerliche Natur mit bis zu haselnussgro\u00dfen Hagelk\u00f6rnern \u00fcberwei\u00dft. Froh sind wir alle, dieses wahre Inferno unter festem Dach erleben zu d\u00fcrfen\u2026 und noch mehr gewarnt, den erfreulich genauen Vorhersagen des Schweizer Wetterdienstes in den kommenden Tagen die geb\u00fchrende Aufmerksamkeit zu widmen.<\/p>\n<p>&nbsp;<\/p>\n<p>&nbsp;<\/p>\n","protected":false},"excerpt":{"rendered":"<p>Foto: Regula G. Wir wohnen auf dem Wissigenboden, einer grasgr\u00fcnen, in reichlich 1.600 Metern H\u00f6he schwebenden Hangterrasse \u00fcber dem \u00f6stlichen Ufer des Landwassers. Dieser durch sein stets vernehmbares Rauschen zwar st\u00e4ndig anwesende, aber f\u00fcr uns nicht sichtbare Fluss beherbergt &#8211; auf \u00fcber 8 Kilometer Strecke &#8211; \u00fcber eine Handvoll verschiedener Ortsteile von Davos, die eher wie einzelne, weit auseinander liegende D\u00f6rfer wirken, als wie eine zusammenh\u00e4ngende Gro\u00dfgemeinde mit fast 10.000&hellip;<\/p>\n","protected":false},"author":2,"featured_media":9412,"comment_status":"open","ping_status":"open","sticky":false,"template":"","format":"standard","meta":{"footnotes":""},"categories":[27,35,49,33],"tags":[],"class_list":["post-9411","post","type-post","status-publish","format-standard","has-post-thumbnail","hentry","category-alle-bilder","category-schlechtes-wetter","category-sturm","category-woanders"],"jetpack_featured_media_url":"https:\/\/jessel.de\/365-tage-sylt\/wp-content\/uploads\/2021\/08\/5D938857-88FF-4D39-9A34-07B58DD6235C.jpeg","_links":{"self":[{"href":"https:\/\/jessel.de\/365-tage-sylt\/wp-json\/wp\/v2\/posts\/9411","targetHints":{"allow":["GET"]}}],"collection":[{"href":"https:\/\/jessel.de\/365-tage-sylt\/wp-json\/wp\/v2\/posts"}],"about":[{"href":"https:\/\/jessel.de\/365-tage-sylt\/wp-json\/wp\/v2\/types\/post"}],"author":[{"embeddable":true,"href":"https:\/\/jessel.de\/365-tage-sylt\/wp-json\/wp\/v2\/users\/2"}],"replies":[{"embeddable":true,"href":"https:\/\/jessel.de\/365-tage-sylt\/wp-json\/wp\/v2\/comments?post=9411"}],"version-history":[{"count":4,"href":"https:\/\/jessel.de\/365-tage-sylt\/wp-json\/wp\/v2\/posts\/9411\/revisions"}],"predecessor-version":[{"id":9416,"href":"https:\/\/jessel.de\/365-tage-sylt\/wp-json\/wp\/v2\/posts\/9411\/revisions\/9416"}],"wp:featuredmedia":[{"embeddable":true,"href":"https:\/\/jessel.de\/365-tage-sylt\/wp-json\/wp\/v2\/media\/9412"}],"wp:attachment":[{"href":"https:\/\/jessel.de\/365-tage-sylt\/wp-json\/wp\/v2\/media?parent=9411"}],"wp:term":[{"taxonomy":"category","embeddable":true,"href":"https:\/\/jessel.de\/365-tage-sylt\/wp-json\/wp\/v2\/categories?post=9411"},{"taxonomy":"post_tag","embeddable":true,"href":"https:\/\/jessel.de\/365-tage-sylt\/wp-json\/wp\/v2\/tags?post=9411"}],"curies":[{"name":"wp","href":"https:\/\/api.w.org\/{rel}","templated":true}]}}