{"id":9417,"date":"2021-08-02T15:51:07","date_gmt":"2021-08-02T15:51:07","guid":{"rendered":"https:\/\/jessel.de\/365-tage-sylt\/?p=9417"},"modified":"2021-08-02T18:12:40","modified_gmt":"2021-08-02T18:12:40","slug":"2-august-wir-wandern-zu-den-joeri-seen","status":"publish","type":"post","link":"https:\/\/jessel.de\/365-tage-sylt\/2-august-wir-wandern-zu-den-joeri-seen\/","title":{"rendered":"2. August: Wir wandern zu den J\u00f6ri-Seen"},"content":{"rendered":"<p>Foto: Regula G.<\/p>\n<p>Wir sind eine Super-Truppe! Wenn der Start am Abend vorher auf 7:30 Uhr festgelegt ist, geht\u2019s auch p\u00fcnktlich los. Heute ein halbes St\u00fcndchen Anfahrt bis zu einem Parkplatz unterhalb des Fl\u00fcela-Passes, der das Pr\u00e4ttigau mit dem Oberengadin verbindet.<\/p>\n<p>Erstmal sind 500 H\u00f6henmeter zu erklettern, mit Ausblicken, die einfach umwerfend sind. Da der Sommer bislang recht regenreich daherkommt, begeistern uns besonders die \u00fcberall herunter rauschenden B\u00e4che\u2026:<\/p>\n<p><img loading=\"lazy\" decoding=\"async\" class=\"alignnone size-full wp-image-9424\" src=\"https:\/\/jessel.de\/365-tage-sylt\/wp-content\/uploads\/2021\/08\/3E45B52F-BC63-4166-AE0D-0BC0166526C7.jpeg\" alt=\"\" width=\"1200\" height=\"800\" srcset=\"https:\/\/jessel.de\/365-tage-sylt\/wp-content\/uploads\/2021\/08\/3E45B52F-BC63-4166-AE0D-0BC0166526C7.jpeg 1200w, https:\/\/jessel.de\/365-tage-sylt\/wp-content\/uploads\/2021\/08\/3E45B52F-BC63-4166-AE0D-0BC0166526C7-300x200.jpeg 300w, https:\/\/jessel.de\/365-tage-sylt\/wp-content\/uploads\/2021\/08\/3E45B52F-BC63-4166-AE0D-0BC0166526C7-1024x683.jpeg 1024w, https:\/\/jessel.de\/365-tage-sylt\/wp-content\/uploads\/2021\/08\/3E45B52F-BC63-4166-AE0D-0BC0166526C7-768x512.jpeg 768w\" sizes=\"auto, (max-width: 1200px) 100vw, 1200px\" \/><\/p>\n<p>\u2026 von denen wir einige \u00fcberqueren, im Bild die komfortabelste Nummer:<\/p>\n<p><img loading=\"lazy\" decoding=\"async\" class=\"alignnone size-full wp-image-9425\" src=\"https:\/\/jessel.de\/365-tage-sylt\/wp-content\/uploads\/2021\/08\/9F221AC7-9B84-427E-AB15-33B6B615B826.jpeg\" alt=\"\" width=\"1200\" height=\"800\" srcset=\"https:\/\/jessel.de\/365-tage-sylt\/wp-content\/uploads\/2021\/08\/9F221AC7-9B84-427E-AB15-33B6B615B826.jpeg 1200w, https:\/\/jessel.de\/365-tage-sylt\/wp-content\/uploads\/2021\/08\/9F221AC7-9B84-427E-AB15-33B6B615B826-300x200.jpeg 300w, https:\/\/jessel.de\/365-tage-sylt\/wp-content\/uploads\/2021\/08\/9F221AC7-9B84-427E-AB15-33B6B615B826-1024x683.jpeg 1024w, https:\/\/jessel.de\/365-tage-sylt\/wp-content\/uploads\/2021\/08\/9F221AC7-9B84-427E-AB15-33B6B615B826-768x512.jpeg 768w\" sizes=\"auto, (max-width: 1200px) 100vw, 1200px\" \/><\/p>\n<p>In 2.500 Metern H\u00f6he beginnen erste Schnee- und Eisfelder, deren Querung schon schwieriger wird:<\/p>\n<p><img loading=\"lazy\" decoding=\"async\" class=\"alignnone size-full wp-image-9426\" src=\"https:\/\/jessel.de\/365-tage-sylt\/wp-content\/uploads\/2021\/08\/57D8F7AF-0122-436F-BF41-91AE9CBBF1D3.jpeg\" alt=\"\" width=\"1200\" height=\"800\" srcset=\"https:\/\/jessel.de\/365-tage-sylt\/wp-content\/uploads\/2021\/08\/57D8F7AF-0122-436F-BF41-91AE9CBBF1D3.jpeg 1200w, https:\/\/jessel.de\/365-tage-sylt\/wp-content\/uploads\/2021\/08\/57D8F7AF-0122-436F-BF41-91AE9CBBF1D3-300x200.jpeg 300w, https:\/\/jessel.de\/365-tage-sylt\/wp-content\/uploads\/2021\/08\/57D8F7AF-0122-436F-BF41-91AE9CBBF1D3-1024x683.jpeg 1024w, https:\/\/jessel.de\/365-tage-sylt\/wp-content\/uploads\/2021\/08\/57D8F7AF-0122-436F-BF41-91AE9CBBF1D3-768x512.jpeg 768w\" sizes=\"auto, (max-width: 1200px) 100vw, 1200px\" \/><\/p>\n<p>Schnee hin, Eis her, mich\/uns begeistern die standhaften Hochgebirgspflanzen am Wegesrand, zum Beispiel die Arnika\u2026:<\/p>\n<p><img loading=\"lazy\" decoding=\"async\" class=\"alignnone size-full wp-image-9427\" src=\"https:\/\/jessel.de\/365-tage-sylt\/wp-content\/uploads\/2021\/08\/8613B05F-A724-4AB3-AA79-35B3C9C357E8.jpeg\" alt=\"\" width=\"1200\" height=\"800\" srcset=\"https:\/\/jessel.de\/365-tage-sylt\/wp-content\/uploads\/2021\/08\/8613B05F-A724-4AB3-AA79-35B3C9C357E8.jpeg 1200w, https:\/\/jessel.de\/365-tage-sylt\/wp-content\/uploads\/2021\/08\/8613B05F-A724-4AB3-AA79-35B3C9C357E8-300x200.jpeg 300w, https:\/\/jessel.de\/365-tage-sylt\/wp-content\/uploads\/2021\/08\/8613B05F-A724-4AB3-AA79-35B3C9C357E8-1024x683.jpeg 1024w, https:\/\/jessel.de\/365-tage-sylt\/wp-content\/uploads\/2021\/08\/8613B05F-A724-4AB3-AA79-35B3C9C357E8-768x512.jpeg 768w\" sizes=\"auto, (max-width: 1200px) 100vw, 1200px\" \/><\/p>\n<p>\u2026 und die Kriechende Nelkenwurz\u2026:<\/p>\n<p><img loading=\"lazy\" decoding=\"async\" class=\"alignnone size-full wp-image-9428\" src=\"https:\/\/jessel.de\/365-tage-sylt\/wp-content\/uploads\/2021\/08\/7B4D47C7-53C6-4502-A599-A23119E498C5.jpeg\" alt=\"\" width=\"1200\" height=\"800\" srcset=\"https:\/\/jessel.de\/365-tage-sylt\/wp-content\/uploads\/2021\/08\/7B4D47C7-53C6-4502-A599-A23119E498C5.jpeg 1200w, https:\/\/jessel.de\/365-tage-sylt\/wp-content\/uploads\/2021\/08\/7B4D47C7-53C6-4502-A599-A23119E498C5-300x200.jpeg 300w, https:\/\/jessel.de\/365-tage-sylt\/wp-content\/uploads\/2021\/08\/7B4D47C7-53C6-4502-A599-A23119E498C5-1024x683.jpeg 1024w, https:\/\/jessel.de\/365-tage-sylt\/wp-content\/uploads\/2021\/08\/7B4D47C7-53C6-4502-A599-A23119E498C5-768x512.jpeg 768w\" sizes=\"auto, (max-width: 1200px) 100vw, 1200px\" \/><\/p>\n<p>\u2026 und der Glocken-Enzian, dieser fotografiert von Regula:<\/p>\n<p><img loading=\"lazy\" decoding=\"async\" class=\"alignnone size-full wp-image-9429\" src=\"https:\/\/jessel.de\/365-tage-sylt\/wp-content\/uploads\/2021\/08\/776F8241-FF0B-41FE-A36C-C00CC1BC9735.jpeg\" alt=\"\" width=\"1200\" height=\"800\" srcset=\"https:\/\/jessel.de\/365-tage-sylt\/wp-content\/uploads\/2021\/08\/776F8241-FF0B-41FE-A36C-C00CC1BC9735.jpeg 1200w, https:\/\/jessel.de\/365-tage-sylt\/wp-content\/uploads\/2021\/08\/776F8241-FF0B-41FE-A36C-C00CC1BC9735-300x200.jpeg 300w, https:\/\/jessel.de\/365-tage-sylt\/wp-content\/uploads\/2021\/08\/776F8241-FF0B-41FE-A36C-C00CC1BC9735-1024x683.jpeg 1024w, https:\/\/jessel.de\/365-tage-sylt\/wp-content\/uploads\/2021\/08\/776F8241-FF0B-41FE-A36C-C00CC1BC9735-768x512.jpeg 768w\" sizes=\"auto, (max-width: 1200px) 100vw, 1200px\" \/><\/p>\n<p>Dann nimmt die Landschaft so langsam doch einen au\u00dferplanetarischen Habitus an\u2026:<\/p>\n<p><img loading=\"lazy\" decoding=\"async\" class=\"size-full wp-image-9430\" src=\"https:\/\/jessel.de\/365-tage-sylt\/wp-content\/uploads\/2021\/08\/938F37AA-63C6-4A06-8C95-EA200C752235.jpeg\" alt=\"\" width=\"1200\" height=\"800\" srcset=\"https:\/\/jessel.de\/365-tage-sylt\/wp-content\/uploads\/2021\/08\/938F37AA-63C6-4A06-8C95-EA200C752235.jpeg 1200w, https:\/\/jessel.de\/365-tage-sylt\/wp-content\/uploads\/2021\/08\/938F37AA-63C6-4A06-8C95-EA200C752235-300x200.jpeg 300w, https:\/\/jessel.de\/365-tage-sylt\/wp-content\/uploads\/2021\/08\/938F37AA-63C6-4A06-8C95-EA200C752235-1024x683.jpeg 1024w, https:\/\/jessel.de\/365-tage-sylt\/wp-content\/uploads\/2021\/08\/938F37AA-63C6-4A06-8C95-EA200C752235-768x512.jpeg 768w\" sizes=\"auto, (max-width: 1200px) 100vw, 1200px\" \/><\/p>\n<p>&#8211; bevor wir pl\u00f6tzlich und &#8211; f\u00fcr mich &#8211; \u00fcberraschend auf die J\u00f6riseen hinabblicken:<\/p>\n<p><img loading=\"lazy\" decoding=\"async\" class=\"alignnone size-full wp-image-9431\" src=\"https:\/\/jessel.de\/365-tage-sylt\/wp-content\/uploads\/2021\/08\/9F741AA3-C05A-441D-9D4E-9C4B2DADC325.jpeg\" alt=\"\" width=\"1200\" height=\"800\" srcset=\"https:\/\/jessel.de\/365-tage-sylt\/wp-content\/uploads\/2021\/08\/9F741AA3-C05A-441D-9D4E-9C4B2DADC325.jpeg 1200w, https:\/\/jessel.de\/365-tage-sylt\/wp-content\/uploads\/2021\/08\/9F741AA3-C05A-441D-9D4E-9C4B2DADC325-300x200.jpeg 300w, https:\/\/jessel.de\/365-tage-sylt\/wp-content\/uploads\/2021\/08\/9F741AA3-C05A-441D-9D4E-9C4B2DADC325-1024x683.jpeg 1024w, https:\/\/jessel.de\/365-tage-sylt\/wp-content\/uploads\/2021\/08\/9F741AA3-C05A-441D-9D4E-9C4B2DADC325-768x512.jpeg 768w\" sizes=\"auto, (max-width: 1200px) 100vw, 1200px\" \/><\/p>\n<p>Wir wandern runter zu den Seen und geniessen unser Picknick: Verschiedene Fr\u00fcchte, Br\u00f6tchen mit Alpk\u00e4se und Salsiz, zum Dessert K\u00e4gi-Schokokekse und Zimt-L\u00e4ckerlis. Harte Nummer, der anschlie\u00dfende Wiederaufstieg, nochmal auf \u00fcber 2.700 Meter zur J\u00f6rifl\u00fcelafurgga. Dieser Grat heisst wirklich so! Boah, das reicht aber auch f\u00fcr heute!<\/p>\n<p><img loading=\"lazy\" decoding=\"async\" class=\"alignnone size-full wp-image-9434\" src=\"https:\/\/jessel.de\/365-tage-sylt\/wp-content\/uploads\/2021\/08\/B7DE5A9D-DB01-4163-8DB0-F53155638043.jpeg\" alt=\"\" width=\"1200\" height=\"800\" srcset=\"https:\/\/jessel.de\/365-tage-sylt\/wp-content\/uploads\/2021\/08\/B7DE5A9D-DB01-4163-8DB0-F53155638043.jpeg 1200w, https:\/\/jessel.de\/365-tage-sylt\/wp-content\/uploads\/2021\/08\/B7DE5A9D-DB01-4163-8DB0-F53155638043-300x200.jpeg 300w, https:\/\/jessel.de\/365-tage-sylt\/wp-content\/uploads\/2021\/08\/B7DE5A9D-DB01-4163-8DB0-F53155638043-1024x683.jpeg 1024w, https:\/\/jessel.de\/365-tage-sylt\/wp-content\/uploads\/2021\/08\/B7DE5A9D-DB01-4163-8DB0-F53155638043-768x512.jpeg 768w\" sizes=\"auto, (max-width: 1200px) 100vw, 1200px\" \/><\/p>\n<p>Von dort geht es in Serpentinen wieder runter zum Parkplatz\u2026. und per Auto gleich weiter ins Restaurant Spina zum Schoko- und Apfelkuchenessen\u2026 und dann ins Bett zum sp\u00e4ten, traumlosen Mittagsschlaf.<\/p>\n<p>&nbsp;<\/p>\n<p>&nbsp;<\/p>\n<p>&nbsp;<\/p>\n<p>&nbsp;<\/p>\n","protected":false},"excerpt":{"rendered":"<p>Foto: Regula G. Wir sind eine Super-Truppe! Wenn der Start am Abend vorher auf 7:30 Uhr festgelegt ist, geht\u2019s auch p\u00fcnktlich los. Heute ein halbes St\u00fcndchen Anfahrt bis zu einem Parkplatz unterhalb des Fl\u00fcela-Passes, der das Pr\u00e4ttigau mit dem Oberengadin verbindet. Erstmal sind 500 H\u00f6henmeter zu erklettern, mit Ausblicken, die einfach umwerfend sind. Da der Sommer bislang recht regenreich daherkommt, begeistern uns besonders die \u00fcberall herunter rauschenden B\u00e4che\u2026: \u2026 von&hellip;<\/p>\n","protected":false},"author":2,"featured_media":9418,"comment_status":"open","ping_status":"open","sticky":false,"template":"","format":"standard","meta":{"footnotes":""},"categories":[27,39,3,46,4,2,33],"tags":[],"class_list":["post-9417","post","type-post","status-publish","format-standard","has-post-thumbnail","hentry","category-alle-bilder","category-arbeit","category-menschen","category-sommer","category-spuren","category-tourismus","category-woanders"],"jetpack_featured_media_url":"https:\/\/jessel.de\/365-tage-sylt\/wp-content\/uploads\/2021\/08\/809581B1-92B2-49DF-8128-DFEA6D85B18C.jpeg","_links":{"self":[{"href":"https:\/\/jessel.de\/365-tage-sylt\/wp-json\/wp\/v2\/posts\/9417","targetHints":{"allow":["GET"]}}],"collection":[{"href":"https:\/\/jessel.de\/365-tage-sylt\/wp-json\/wp\/v2\/posts"}],"about":[{"href":"https:\/\/jessel.de\/365-tage-sylt\/wp-json\/wp\/v2\/types\/post"}],"author":[{"embeddable":true,"href":"https:\/\/jessel.de\/365-tage-sylt\/wp-json\/wp\/v2\/users\/2"}],"replies":[{"embeddable":true,"href":"https:\/\/jessel.de\/365-tage-sylt\/wp-json\/wp\/v2\/comments?post=9417"}],"version-history":[{"count":10,"href":"https:\/\/jessel.de\/365-tage-sylt\/wp-json\/wp\/v2\/posts\/9417\/revisions"}],"predecessor-version":[{"id":9438,"href":"https:\/\/jessel.de\/365-tage-sylt\/wp-json\/wp\/v2\/posts\/9417\/revisions\/9438"}],"wp:featuredmedia":[{"embeddable":true,"href":"https:\/\/jessel.de\/365-tage-sylt\/wp-json\/wp\/v2\/media\/9418"}],"wp:attachment":[{"href":"https:\/\/jessel.de\/365-tage-sylt\/wp-json\/wp\/v2\/media?parent=9417"}],"wp:term":[{"taxonomy":"category","embeddable":true,"href":"https:\/\/jessel.de\/365-tage-sylt\/wp-json\/wp\/v2\/categories?post=9417"},{"taxonomy":"post_tag","embeddable":true,"href":"https:\/\/jessel.de\/365-tage-sylt\/wp-json\/wp\/v2\/tags?post=9417"}],"curies":[{"name":"wp","href":"https:\/\/api.w.org\/{rel}","templated":true}]}}