{"id":9560,"date":"2021-09-04T19:18:09","date_gmt":"2021-09-04T19:18:09","guid":{"rendered":"https:\/\/jessel.de\/365-tage-sylt\/?p=9560"},"modified":"2021-09-05T06:40:57","modified_gmt":"2021-09-05T06:40:57","slug":"4-september-ein-zauberhafter-abend-am-watt","status":"publish","type":"post","link":"https:\/\/jessel.de\/365-tage-sylt\/4-september-ein-zauberhafter-abend-am-watt\/","title":{"rendered":"4. September: Ein zauberhafter Abend am Watt"},"content":{"rendered":"<p>There we are:<\/p>\n<p><img loading=\"lazy\" decoding=\"async\" class=\"size-full wp-image-9569\" src=\"https:\/\/jessel.de\/365-tage-sylt\/wp-content\/uploads\/2021\/09\/825A8BD5-0915-4D82-80B3-AAF9641F52F9.jpeg\" alt=\"\" width=\"1109\" height=\"800\" srcset=\"https:\/\/jessel.de\/365-tage-sylt\/wp-content\/uploads\/2021\/09\/825A8BD5-0915-4D82-80B3-AAF9641F52F9.jpeg 1109w, https:\/\/jessel.de\/365-tage-sylt\/wp-content\/uploads\/2021\/09\/825A8BD5-0915-4D82-80B3-AAF9641F52F9-300x216.jpeg 300w, https:\/\/jessel.de\/365-tage-sylt\/wp-content\/uploads\/2021\/09\/825A8BD5-0915-4D82-80B3-AAF9641F52F9-1024x739.jpeg 1024w, https:\/\/jessel.de\/365-tage-sylt\/wp-content\/uploads\/2021\/09\/825A8BD5-0915-4D82-80B3-AAF9641F52F9-768x554.jpeg 768w\" sizes=\"auto, (max-width: 1109px) 100vw, 1109px\" \/><\/p>\n<p><span style=\"-webkit-tap-highlight-color: rgba(0, 0, 0, 0);\">Der Klopper des Tages liegt gleich zu meinen F\u00fc\u00dfen. Ein Natur-Arrangement wie aus dem Bilderbuch:<\/span><\/p>\n<p><img loading=\"lazy\" decoding=\"async\" class=\"alignnone size-full wp-image-9573\" src=\"https:\/\/jessel.de\/365-tage-sylt\/wp-content\/uploads\/2021\/09\/D7A659D5-6E5B-4C67-A896-82C6915C0619.jpeg\" alt=\"\" width=\"1202\" height=\"800\" srcset=\"https:\/\/jessel.de\/365-tage-sylt\/wp-content\/uploads\/2021\/09\/D7A659D5-6E5B-4C67-A896-82C6915C0619.jpeg 1202w, https:\/\/jessel.de\/365-tage-sylt\/wp-content\/uploads\/2021\/09\/D7A659D5-6E5B-4C67-A896-82C6915C0619-300x200.jpeg 300w, https:\/\/jessel.de\/365-tage-sylt\/wp-content\/uploads\/2021\/09\/D7A659D5-6E5B-4C67-A896-82C6915C0619-1024x682.jpeg 1024w, https:\/\/jessel.de\/365-tage-sylt\/wp-content\/uploads\/2021\/09\/D7A659D5-6E5B-4C67-A896-82C6915C0619-768x511.jpeg 768w\" sizes=\"auto, (max-width: 1202px) 100vw, 1202px\" \/><\/p>\n<p>Es ist 18:30 Uhr, und tats\u00e4chlich sehe ich am Rantumer Wattufer keine Menschenseele. Immer sch\u00f6ner entwickeln sich die Wolken:<\/p>\n<p><img loading=\"lazy\" decoding=\"async\" class=\"alignnone size-full wp-image-9571\" src=\"https:\/\/jessel.de\/365-tage-sylt\/wp-content\/uploads\/2021\/09\/DDEE1EC0-FF88-41F5-A64B-41F66AEA8F91.jpeg\" alt=\"\" width=\"1202\" height=\"800\" srcset=\"https:\/\/jessel.de\/365-tage-sylt\/wp-content\/uploads\/2021\/09\/DDEE1EC0-FF88-41F5-A64B-41F66AEA8F91.jpeg 1202w, https:\/\/jessel.de\/365-tage-sylt\/wp-content\/uploads\/2021\/09\/DDEE1EC0-FF88-41F5-A64B-41F66AEA8F91-300x200.jpeg 300w, https:\/\/jessel.de\/365-tage-sylt\/wp-content\/uploads\/2021\/09\/DDEE1EC0-FF88-41F5-A64B-41F66AEA8F91-1024x682.jpeg 1024w, https:\/\/jessel.de\/365-tage-sylt\/wp-content\/uploads\/2021\/09\/DDEE1EC0-FF88-41F5-A64B-41F66AEA8F91-768x511.jpeg 768w\" sizes=\"auto, (max-width: 1202px) 100vw, 1202px\" \/><\/p>\n<p>Dann setzt &#8211; f\u00fcr Minuten nur &#8211; setzt eine fabelhafte Windstille ein:<\/p>\n<p><img loading=\"lazy\" decoding=\"async\" class=\"alignnone size-full wp-image-9570\" src=\"https:\/\/jessel.de\/365-tage-sylt\/wp-content\/uploads\/2021\/09\/A560E358-F7A2-47D7-983D-220A472C0725.jpeg\" alt=\"\" width=\"1202\" height=\"800\" srcset=\"https:\/\/jessel.de\/365-tage-sylt\/wp-content\/uploads\/2021\/09\/A560E358-F7A2-47D7-983D-220A472C0725.jpeg 1202w, https:\/\/jessel.de\/365-tage-sylt\/wp-content\/uploads\/2021\/09\/A560E358-F7A2-47D7-983D-220A472C0725-300x200.jpeg 300w, https:\/\/jessel.de\/365-tage-sylt\/wp-content\/uploads\/2021\/09\/A560E358-F7A2-47D7-983D-220A472C0725-1024x682.jpeg 1024w, https:\/\/jessel.de\/365-tage-sylt\/wp-content\/uploads\/2021\/09\/A560E358-F7A2-47D7-983D-220A472C0725-768x511.jpeg 768w\" sizes=\"auto, (max-width: 1202px) 100vw, 1202px\" \/><\/p>\n<p>Mehr geht nun nicht! Oder doch?<br \/>\n<img loading=\"lazy\" decoding=\"async\" class=\"alignnone size-full wp-image-9565\" src=\"https:\/\/jessel.de\/365-tage-sylt\/wp-content\/uploads\/2021\/09\/48534F3D-EC78-4E3D-BC3D-DC1A86EF7992.jpeg\" alt=\"\" width=\"1200\" height=\"800\" srcset=\"https:\/\/jessel.de\/365-tage-sylt\/wp-content\/uploads\/2021\/09\/48534F3D-EC78-4E3D-BC3D-DC1A86EF7992.jpeg 1200w, https:\/\/jessel.de\/365-tage-sylt\/wp-content\/uploads\/2021\/09\/48534F3D-EC78-4E3D-BC3D-DC1A86EF7992-300x200.jpeg 300w, https:\/\/jessel.de\/365-tage-sylt\/wp-content\/uploads\/2021\/09\/48534F3D-EC78-4E3D-BC3D-DC1A86EF7992-1024x683.jpeg 1024w, https:\/\/jessel.de\/365-tage-sylt\/wp-content\/uploads\/2021\/09\/48534F3D-EC78-4E3D-BC3D-DC1A86EF7992-768x512.jpeg 768w\" sizes=\"auto, (max-width: 1200px) 100vw, 1200px\" \/><\/p>\n<p>Nur ungerne verlasse ich diese traumhafte Szenerie beim letzten Sonnenlicht:<\/p>\n<p><img loading=\"lazy\" decoding=\"async\" class=\"size-full wp-image-9564\" src=\"https:\/\/jessel.de\/365-tage-sylt\/wp-content\/uploads\/2021\/09\/A4F8B9B8-81EE-45DB-8F1E-65567C137466.jpeg\" alt=\"\" width=\"1067\" height=\"800\" srcset=\"https:\/\/jessel.de\/365-tage-sylt\/wp-content\/uploads\/2021\/09\/A4F8B9B8-81EE-45DB-8F1E-65567C137466.jpeg 1067w, https:\/\/jessel.de\/365-tage-sylt\/wp-content\/uploads\/2021\/09\/A4F8B9B8-81EE-45DB-8F1E-65567C137466-300x225.jpeg 300w, https:\/\/jessel.de\/365-tage-sylt\/wp-content\/uploads\/2021\/09\/A4F8B9B8-81EE-45DB-8F1E-65567C137466-1024x768.jpeg 1024w, https:\/\/jessel.de\/365-tage-sylt\/wp-content\/uploads\/2021\/09\/A4F8B9B8-81EE-45DB-8F1E-65567C137466-768x576.jpeg 768w\" sizes=\"auto, (max-width: 1067px) 100vw, 1067px\" \/><\/p>\n<p>&nbsp;<\/p>\n","protected":false},"excerpt":{"rendered":"<p>There we are: Der Klopper des Tages liegt gleich zu meinen F\u00fc\u00dfen. Ein Natur-Arrangement wie aus dem Bilderbuch: Es ist 18:30 Uhr, und tats\u00e4chlich sehe ich am Rantumer Wattufer keine Menschenseele. Immer sch\u00f6ner entwickeln sich die Wolken: Dann setzt &#8211; f\u00fcr Minuten nur &#8211; setzt eine fabelhafte Windstille ein: Mehr geht nun nicht! Oder doch? Nur ungerne verlasse ich diese traumhafte Szenerie beim letzten Sonnenlicht: &nbsp;<\/p>\n","protected":false},"author":2,"featured_media":9574,"comment_status":"open","ping_status":"open","sticky":false,"template":"","format":"standard","meta":{"footnotes":""},"categories":[27,39,24,34,46,4,42],"tags":[],"class_list":["post-9560","post","type-post","status-publish","format-standard","has-post-thumbnail","hentry","category-alle-bilder","category-arbeit","category-duenen","category-rantum","category-sommer","category-spuren","category-watt"],"jetpack_featured_media_url":"https:\/\/jessel.de\/365-tage-sylt\/wp-content\/uploads\/2021\/09\/B4338FEA-9CD5-41F6-86FF-8518AA001A17.jpeg","_links":{"self":[{"href":"https:\/\/jessel.de\/365-tage-sylt\/wp-json\/wp\/v2\/posts\/9560","targetHints":{"allow":["GET"]}}],"collection":[{"href":"https:\/\/jessel.de\/365-tage-sylt\/wp-json\/wp\/v2\/posts"}],"about":[{"href":"https:\/\/jessel.de\/365-tage-sylt\/wp-json\/wp\/v2\/types\/post"}],"author":[{"embeddable":true,"href":"https:\/\/jessel.de\/365-tage-sylt\/wp-json\/wp\/v2\/users\/2"}],"replies":[{"embeddable":true,"href":"https:\/\/jessel.de\/365-tage-sylt\/wp-json\/wp\/v2\/comments?post=9560"}],"version-history":[{"count":5,"href":"https:\/\/jessel.de\/365-tage-sylt\/wp-json\/wp\/v2\/posts\/9560\/revisions"}],"predecessor-version":[{"id":9579,"href":"https:\/\/jessel.de\/365-tage-sylt\/wp-json\/wp\/v2\/posts\/9560\/revisions\/9579"}],"wp:featuredmedia":[{"embeddable":true,"href":"https:\/\/jessel.de\/365-tage-sylt\/wp-json\/wp\/v2\/media\/9574"}],"wp:attachment":[{"href":"https:\/\/jessel.de\/365-tage-sylt\/wp-json\/wp\/v2\/media?parent=9560"}],"wp:term":[{"taxonomy":"category","embeddable":true,"href":"https:\/\/jessel.de\/365-tage-sylt\/wp-json\/wp\/v2\/categories?post=9560"},{"taxonomy":"post_tag","embeddable":true,"href":"https:\/\/jessel.de\/365-tage-sylt\/wp-json\/wp\/v2\/tags?post=9560"}],"curies":[{"name":"wp","href":"https:\/\/api.w.org\/{rel}","templated":true}]}}