{"id":9580,"date":"2021-09-06T10:52:40","date_gmt":"2021-09-06T10:52:40","guid":{"rendered":"https:\/\/jessel.de\/365-tage-sylt\/?p=9580"},"modified":"2021-09-06T15:30:07","modified_gmt":"2021-09-06T15:30:07","slug":"6-september-watt-fuer-eine-morgenstimmung","status":"publish","type":"post","link":"https:\/\/jessel.de\/365-tage-sylt\/6-september-watt-fuer-eine-morgenstimmung\/","title":{"rendered":"6. September: Die Nacht war schwarz, der Mond schien helle\u2026"},"content":{"rendered":"<p>Ja super! Da hatte ich &#8211; jahaaa &#8211; den richtigen Riecher: Im Raum H\u00f6rnum entwickelt sich um den Sonnenaufgang eine thrillige Calme, und die hohe Luftfeuchtigkeit sorgt f\u00fcr wirklich heftige Farben:<\/p>\n<p><img loading=\"lazy\" decoding=\"async\" class=\"alignnone size-full wp-image-9586\" src=\"https:\/\/jessel.de\/365-tage-sylt\/wp-content\/uploads\/2021\/09\/C97C2F59-2631-4E13-8381-C8CE0E36A09B.jpeg\" alt=\"\" width=\"1204\" height=\"800\" srcset=\"https:\/\/jessel.de\/365-tage-sylt\/wp-content\/uploads\/2021\/09\/C97C2F59-2631-4E13-8381-C8CE0E36A09B.jpeg 1204w, https:\/\/jessel.de\/365-tage-sylt\/wp-content\/uploads\/2021\/09\/C97C2F59-2631-4E13-8381-C8CE0E36A09B-300x199.jpeg 300w, https:\/\/jessel.de\/365-tage-sylt\/wp-content\/uploads\/2021\/09\/C97C2F59-2631-4E13-8381-C8CE0E36A09B-1024x680.jpeg 1024w, https:\/\/jessel.de\/365-tage-sylt\/wp-content\/uploads\/2021\/09\/C97C2F59-2631-4E13-8381-C8CE0E36A09B-768x510.jpeg 768w\" sizes=\"auto, (max-width: 1204px) 100vw, 1204px\" \/><\/p>\n<p>Die aufgehende Sonne ben\u00f6tigt eine volle Stunde, um den horizontnahen Dunst zu durchdringen:<\/p>\n<p><img loading=\"lazy\" decoding=\"async\" class=\"alignnone size-full wp-image-9581\" src=\"https:\/\/jessel.de\/365-tage-sylt\/wp-content\/uploads\/2021\/09\/1EBF2BAA-8281-4012-9D68-E82BDCE234D3.jpeg\" alt=\"\" width=\"1204\" height=\"800\" srcset=\"https:\/\/jessel.de\/365-tage-sylt\/wp-content\/uploads\/2021\/09\/1EBF2BAA-8281-4012-9D68-E82BDCE234D3.jpeg 1204w, https:\/\/jessel.de\/365-tage-sylt\/wp-content\/uploads\/2021\/09\/1EBF2BAA-8281-4012-9D68-E82BDCE234D3-300x199.jpeg 300w, https:\/\/jessel.de\/365-tage-sylt\/wp-content\/uploads\/2021\/09\/1EBF2BAA-8281-4012-9D68-E82BDCE234D3-1024x680.jpeg 1024w, https:\/\/jessel.de\/365-tage-sylt\/wp-content\/uploads\/2021\/09\/1EBF2BAA-8281-4012-9D68-E82BDCE234D3-768x510.jpeg 768w\" sizes=\"auto, (max-width: 1204px) 100vw, 1204px\" \/><\/p>\n<p>Hat sich doch gelohnt, um 4 Uhr aufzustehen. Auch wegen der nachfolgenden Szene, die ich durch ein M\u00fccken-Inferno aufnehmen muss. Stellt Euch Hans als Schuhplattler vor, so sah das f\u00fcr Aussenstehende aus, von denen sich allerdings keiner zeigt, h\u00e4h\u00e4.<\/p>\n<p>Was ist nun so toll an den beiden nachfolgenden Pics? Zum Einen ist das Licht berauschend, n\u00e4mlich wie in einem Studio, zum Zweiten sorgt der Ferndunst daf\u00fcr, dass der Loran-Funkturm nicht die Szenerie verschandelt, wie an mindestens 360 Tagen im Jahr. Beides ist in der winzigen Blog-Aufl\u00f6sung kaum zu sehen, aber sehr wohl in der gro\u00dfen Original-Datei:<\/p>\n<p><img loading=\"lazy\" decoding=\"async\" class=\"alignnone size-full wp-image-9587\" src=\"https:\/\/jessel.de\/365-tage-sylt\/wp-content\/uploads\/2021\/09\/FCC45B0F-370A-45D9-A0AD-25868A46DC59.jpeg\" alt=\"\" width=\"1500\" height=\"716\" srcset=\"https:\/\/jessel.de\/365-tage-sylt\/wp-content\/uploads\/2021\/09\/FCC45B0F-370A-45D9-A0AD-25868A46DC59.jpeg 1500w, https:\/\/jessel.de\/365-tage-sylt\/wp-content\/uploads\/2021\/09\/FCC45B0F-370A-45D9-A0AD-25868A46DC59-300x143.jpeg 300w, https:\/\/jessel.de\/365-tage-sylt\/wp-content\/uploads\/2021\/09\/FCC45B0F-370A-45D9-A0AD-25868A46DC59-1024x489.jpeg 1024w, https:\/\/jessel.de\/365-tage-sylt\/wp-content\/uploads\/2021\/09\/FCC45B0F-370A-45D9-A0AD-25868A46DC59-768x367.jpeg 768w\" sizes=\"auto, (max-width: 1500px) 100vw, 1500px\" \/><\/p>\n<p>Die M\u00fccken drehen mit steigender Sonne, kompletter Windstille und dementsprechend ansteigenden Temperaturen komplett ab, bzw. auf: Ich sehe mich gen\u00f6tigt, mit Stativ und Kamerager\u00f6tel einen 500-Meter-Sprint hinzulegen, um die Viecher abzusch\u00fctteln\u2026 ohne erkennbaren Erfolg. Ok, schnell noch ein herbstlich anmutendes Salzwiesenpanorama, und dann schnell ab nach Hause:<\/p>\n<p><img loading=\"lazy\" decoding=\"async\" class=\"alignnone size-full wp-image-9588\" src=\"https:\/\/jessel.de\/365-tage-sylt\/wp-content\/uploads\/2021\/09\/39FC4C07-2FDF-4D69-9A01-6ED8650AA3F8.jpeg\" alt=\"\" width=\"1500\" height=\"645\" srcset=\"https:\/\/jessel.de\/365-tage-sylt\/wp-content\/uploads\/2021\/09\/39FC4C07-2FDF-4D69-9A01-6ED8650AA3F8.jpeg 1500w, https:\/\/jessel.de\/365-tage-sylt\/wp-content\/uploads\/2021\/09\/39FC4C07-2FDF-4D69-9A01-6ED8650AA3F8-300x129.jpeg 300w, https:\/\/jessel.de\/365-tage-sylt\/wp-content\/uploads\/2021\/09\/39FC4C07-2FDF-4D69-9A01-6ED8650AA3F8-1024x440.jpeg 1024w, https:\/\/jessel.de\/365-tage-sylt\/wp-content\/uploads\/2021\/09\/39FC4C07-2FDF-4D69-9A01-6ED8650AA3F8-768x330.jpeg 768w\" sizes=\"auto, (max-width: 1500px) 100vw, 1500px\" \/><\/p>\n","protected":false},"excerpt":{"rendered":"<p>Ja super! Da hatte ich &#8211; jahaaa &#8211; den richtigen Riecher: Im Raum H\u00f6rnum entwickelt sich um den Sonnenaufgang eine thrillige Calme, und die hohe Luftfeuchtigkeit sorgt f\u00fcr wirklich heftige Farben: Die aufgehende Sonne ben\u00f6tigt eine volle Stunde, um den horizontnahen Dunst zu durchdringen: Hat sich doch gelohnt, um 4 Uhr aufzustehen. Auch wegen der nachfolgenden Szene, die ich durch ein M\u00fccken-Inferno aufnehmen muss. Stellt Euch Hans als Schuhplattler vor,&hellip;<\/p>\n","protected":false},"author":2,"featured_media":9584,"comment_status":"open","ping_status":"open","sticky":false,"template":"","format":"standard","meta":{"footnotes":""},"categories":[27,39,1,46,4,30,29,42],"tags":[],"class_list":["post-9580","post","type-post","status-publish","format-standard","has-post-thumbnail","hentry","category-alle-bilder","category-arbeit","category-uncategorized","category-sommer","category-spuren","category-tradition","category-verkehr","category-watt"],"jetpack_featured_media_url":"https:\/\/jessel.de\/365-tage-sylt\/wp-content\/uploads\/2021\/09\/7DFE2513-A776-417E-8AC4-0509F44A2D32.jpeg","_links":{"self":[{"href":"https:\/\/jessel.de\/365-tage-sylt\/wp-json\/wp\/v2\/posts\/9580","targetHints":{"allow":["GET"]}}],"collection":[{"href":"https:\/\/jessel.de\/365-tage-sylt\/wp-json\/wp\/v2\/posts"}],"about":[{"href":"https:\/\/jessel.de\/365-tage-sylt\/wp-json\/wp\/v2\/types\/post"}],"author":[{"embeddable":true,"href":"https:\/\/jessel.de\/365-tage-sylt\/wp-json\/wp\/v2\/users\/2"}],"replies":[{"embeddable":true,"href":"https:\/\/jessel.de\/365-tage-sylt\/wp-json\/wp\/v2\/comments?post=9580"}],"version-history":[{"count":4,"href":"https:\/\/jessel.de\/365-tage-sylt\/wp-json\/wp\/v2\/posts\/9580\/revisions"}],"predecessor-version":[{"id":9590,"href":"https:\/\/jessel.de\/365-tage-sylt\/wp-json\/wp\/v2\/posts\/9580\/revisions\/9590"}],"wp:featuredmedia":[{"embeddable":true,"href":"https:\/\/jessel.de\/365-tage-sylt\/wp-json\/wp\/v2\/media\/9584"}],"wp:attachment":[{"href":"https:\/\/jessel.de\/365-tage-sylt\/wp-json\/wp\/v2\/media?parent=9580"}],"wp:term":[{"taxonomy":"category","embeddable":true,"href":"https:\/\/jessel.de\/365-tage-sylt\/wp-json\/wp\/v2\/categories?post=9580"},{"taxonomy":"post_tag","embeddable":true,"href":"https:\/\/jessel.de\/365-tage-sylt\/wp-json\/wp\/v2\/tags?post=9580"}],"curies":[{"name":"wp","href":"https:\/\/api.w.org\/{rel}","templated":true}]}}