{"id":9597,"date":"2021-09-10T17:11:03","date_gmt":"2021-09-10T17:11:03","guid":{"rendered":"https:\/\/jessel.de\/365-tage-sylt\/?p=9597"},"modified":"2021-09-10T21:12:02","modified_gmt":"2021-09-10T21:12:02","slug":"10-september-jott-wee-dee","status":"publish","type":"post","link":"https:\/\/jessel.de\/365-tage-sylt\/10-september-jott-wee-dee\/","title":{"rendered":"10. September: Jott wee dee\u2026"},"content":{"rendered":"<p>Ich bin dann mal wech. Mit dem Fr\u00fchzug nach Friedrichstadt, dort wird gerade der Markt aufgebaut:<\/p>\n<p><img loading=\"lazy\" decoding=\"async\" class=\"size-full wp-image-9599\" src=\"https:\/\/jessel.de\/365-tage-sylt\/wp-content\/uploads\/2021\/09\/5978A5C2-EBDF-472A-87F1-87C309D6A970.jpeg\" alt=\"\" width=\"1200\" height=\"800\" srcset=\"https:\/\/jessel.de\/365-tage-sylt\/wp-content\/uploads\/2021\/09\/5978A5C2-EBDF-472A-87F1-87C309D6A970.jpeg 1200w, https:\/\/jessel.de\/365-tage-sylt\/wp-content\/uploads\/2021\/09\/5978A5C2-EBDF-472A-87F1-87C309D6A970-300x200.jpeg 300w, https:\/\/jessel.de\/365-tage-sylt\/wp-content\/uploads\/2021\/09\/5978A5C2-EBDF-472A-87F1-87C309D6A970-1024x683.jpeg 1024w, https:\/\/jessel.de\/365-tage-sylt\/wp-content\/uploads\/2021\/09\/5978A5C2-EBDF-472A-87F1-87C309D6A970-768x512.jpeg 768w\" sizes=\"auto, (max-width: 1200px) 100vw, 1200px\" \/><\/p>\n<p>Von dort geht\u2019s per Rad in die Eider-Treene-Sorge-Niederung, die sich bis vor die Tore Rendsburgs erstreckt. Einige Impressionen gef\u00e4llig? Bitte.<\/p>\n<p>Schnurgerade ziehen sich die Moord\u00e4mme durch die Landschaft. Pro halbe Stunde sehe ich einen Menschen. Einfach nur wunderbar:<\/p>\n<p><img loading=\"lazy\" decoding=\"async\" class=\"size-full wp-image-9600\" src=\"https:\/\/jessel.de\/365-tage-sylt\/wp-content\/uploads\/2021\/09\/F9E82CEC-A5C7-4BF0-85E6-7A9BD56EB25D.jpeg\" alt=\"\" width=\"1200\" height=\"800\" srcset=\"https:\/\/jessel.de\/365-tage-sylt\/wp-content\/uploads\/2021\/09\/F9E82CEC-A5C7-4BF0-85E6-7A9BD56EB25D.jpeg 1200w, https:\/\/jessel.de\/365-tage-sylt\/wp-content\/uploads\/2021\/09\/F9E82CEC-A5C7-4BF0-85E6-7A9BD56EB25D-300x200.jpeg 300w, https:\/\/jessel.de\/365-tage-sylt\/wp-content\/uploads\/2021\/09\/F9E82CEC-A5C7-4BF0-85E6-7A9BD56EB25D-1024x683.jpeg 1024w, https:\/\/jessel.de\/365-tage-sylt\/wp-content\/uploads\/2021\/09\/F9E82CEC-A5C7-4BF0-85E6-7A9BD56EB25D-768x512.jpeg 768w\" sizes=\"auto, (max-width: 1200px) 100vw, 1200px\" \/><\/p>\n<p>Im Ort Stapel gibt\u2019s das einzige Steilufer der Eider:<\/p>\n<p><img loading=\"lazy\" decoding=\"async\" class=\"size-full wp-image-9601\" src=\"https:\/\/jessel.de\/365-tage-sylt\/wp-content\/uploads\/2021\/09\/E7F5ED24-49F2-45CD-97D9-EB9C7EB7FFA3.jpeg\" alt=\"\" width=\"1200\" height=\"800\" srcset=\"https:\/\/jessel.de\/365-tage-sylt\/wp-content\/uploads\/2021\/09\/E7F5ED24-49F2-45CD-97D9-EB9C7EB7FFA3.jpeg 1200w, https:\/\/jessel.de\/365-tage-sylt\/wp-content\/uploads\/2021\/09\/E7F5ED24-49F2-45CD-97D9-EB9C7EB7FFA3-300x200.jpeg 300w, https:\/\/jessel.de\/365-tage-sylt\/wp-content\/uploads\/2021\/09\/E7F5ED24-49F2-45CD-97D9-EB9C7EB7FFA3-1024x683.jpeg 1024w, https:\/\/jessel.de\/365-tage-sylt\/wp-content\/uploads\/2021\/09\/E7F5ED24-49F2-45CD-97D9-EB9C7EB7FFA3-768x512.jpeg 768w\" sizes=\"auto, (max-width: 1200px) 100vw, 1200px\" \/><\/p>\n<p>Ich habe gro\u00dfes Gl\u00fcck mit dem Wetter. Heftige Schauer ziehen von S\u00fcden heran, fallen aber stets in geb\u00fchrendem Abstand. Danke, Schauer!<\/p>\n<p><img loading=\"lazy\" decoding=\"async\" class=\"size-full wp-image-9602\" src=\"https:\/\/jessel.de\/365-tage-sylt\/wp-content\/uploads\/2021\/09\/4F3FF608-0522-4176-8393-5923E8D27B8D.jpeg\" alt=\"\" width=\"1200\" height=\"800\" srcset=\"https:\/\/jessel.de\/365-tage-sylt\/wp-content\/uploads\/2021\/09\/4F3FF608-0522-4176-8393-5923E8D27B8D.jpeg 1200w, https:\/\/jessel.de\/365-tage-sylt\/wp-content\/uploads\/2021\/09\/4F3FF608-0522-4176-8393-5923E8D27B8D-300x200.jpeg 300w, https:\/\/jessel.de\/365-tage-sylt\/wp-content\/uploads\/2021\/09\/4F3FF608-0522-4176-8393-5923E8D27B8D-1024x683.jpeg 1024w, https:\/\/jessel.de\/365-tage-sylt\/wp-content\/uploads\/2021\/09\/4F3FF608-0522-4176-8393-5923E8D27B8D-768x512.jpeg 768w\" sizes=\"auto, (max-width: 1200px) 100vw, 1200px\" \/><\/p>\n<p>Bei Nobiskrug quere ich den Nordostsee-Kanal\u2026:<\/p>\n<p><img loading=\"lazy\" decoding=\"async\" class=\"size-full wp-image-9603\" src=\"https:\/\/jessel.de\/365-tage-sylt\/wp-content\/uploads\/2021\/09\/852AE497-2AAB-4A02-8256-E49019F35374.jpeg\" alt=\"\" width=\"1200\" height=\"800\" srcset=\"https:\/\/jessel.de\/365-tage-sylt\/wp-content\/uploads\/2021\/09\/852AE497-2AAB-4A02-8256-E49019F35374.jpeg 1200w, https:\/\/jessel.de\/365-tage-sylt\/wp-content\/uploads\/2021\/09\/852AE497-2AAB-4A02-8256-E49019F35374-300x200.jpeg 300w, https:\/\/jessel.de\/365-tage-sylt\/wp-content\/uploads\/2021\/09\/852AE497-2AAB-4A02-8256-E49019F35374-1024x683.jpeg 1024w, https:\/\/jessel.de\/365-tage-sylt\/wp-content\/uploads\/2021\/09\/852AE497-2AAB-4A02-8256-E49019F35374-768x512.jpeg 768w\" sizes=\"auto, (max-width: 1200px) 100vw, 1200px\" \/><\/p>\n<p>\u2026 und erreiche das \u00f6stliche H\u00fcgelland Schleswig-Holsteins:<\/p>\n<p><img loading=\"lazy\" decoding=\"async\" class=\"alignnone size-full wp-image-9604\" src=\"https:\/\/jessel.de\/365-tage-sylt\/wp-content\/uploads\/2021\/09\/F55C9DF1-CAF5-4BB1-A584-80D95A6AE6E4.jpeg\" alt=\"\" width=\"1200\" height=\"800\" srcset=\"https:\/\/jessel.de\/365-tage-sylt\/wp-content\/uploads\/2021\/09\/F55C9DF1-CAF5-4BB1-A584-80D95A6AE6E4.jpeg 1200w, https:\/\/jessel.de\/365-tage-sylt\/wp-content\/uploads\/2021\/09\/F55C9DF1-CAF5-4BB1-A584-80D95A6AE6E4-300x200.jpeg 300w, https:\/\/jessel.de\/365-tage-sylt\/wp-content\/uploads\/2021\/09\/F55C9DF1-CAF5-4BB1-A584-80D95A6AE6E4-1024x683.jpeg 1024w, https:\/\/jessel.de\/365-tage-sylt\/wp-content\/uploads\/2021\/09\/F55C9DF1-CAF5-4BB1-A584-80D95A6AE6E4-768x512.jpeg 768w\" sizes=\"auto, (max-width: 1200px) 100vw, 1200px\" \/><\/p>\n<p>\u2026 das teilweise mit alpinen \u00a0 Auf- und Abstiegen gl\u00e4nzt:<\/p>\n<p><img loading=\"lazy\" decoding=\"async\" class=\"size-full wp-image-9605\" src=\"https:\/\/jessel.de\/365-tage-sylt\/wp-content\/uploads\/2021\/09\/8B64AF8E-163E-4220-A427-32B83B3DDD65.jpeg\" alt=\"\" width=\"1200\" height=\"800\" srcset=\"https:\/\/jessel.de\/365-tage-sylt\/wp-content\/uploads\/2021\/09\/8B64AF8E-163E-4220-A427-32B83B3DDD65.jpeg 1200w, https:\/\/jessel.de\/365-tage-sylt\/wp-content\/uploads\/2021\/09\/8B64AF8E-163E-4220-A427-32B83B3DDD65-300x200.jpeg 300w, https:\/\/jessel.de\/365-tage-sylt\/wp-content\/uploads\/2021\/09\/8B64AF8E-163E-4220-A427-32B83B3DDD65-1024x683.jpeg 1024w, https:\/\/jessel.de\/365-tage-sylt\/wp-content\/uploads\/2021\/09\/8B64AF8E-163E-4220-A427-32B83B3DDD65-768x512.jpeg 768w\" sizes=\"auto, (max-width: 1200px) 100vw, 1200px\" \/><\/p>\n<p>Im Zielort Rodenbek werde ich bereits erwartet:<\/p>\n<p><img loading=\"lazy\" decoding=\"async\" class=\"alignnone size-full wp-image-9606\" src=\"https:\/\/jessel.de\/365-tage-sylt\/wp-content\/uploads\/2021\/09\/075E2672-B118-4DE0-9B2B-C4BBF7735312.jpeg\" alt=\"\" width=\"1200\" height=\"800\" srcset=\"https:\/\/jessel.de\/365-tage-sylt\/wp-content\/uploads\/2021\/09\/075E2672-B118-4DE0-9B2B-C4BBF7735312.jpeg 1200w, https:\/\/jessel.de\/365-tage-sylt\/wp-content\/uploads\/2021\/09\/075E2672-B118-4DE0-9B2B-C4BBF7735312-300x200.jpeg 300w, https:\/\/jessel.de\/365-tage-sylt\/wp-content\/uploads\/2021\/09\/075E2672-B118-4DE0-9B2B-C4BBF7735312-1024x683.jpeg 1024w, https:\/\/jessel.de\/365-tage-sylt\/wp-content\/uploads\/2021\/09\/075E2672-B118-4DE0-9B2B-C4BBF7735312-768x512.jpeg 768w\" sizes=\"auto, (max-width: 1200px) 100vw, 1200px\" \/><\/p>\n<p>Der Garten ist ein Paradies!<br \/>\n<img loading=\"lazy\" decoding=\"async\" class=\"alignnone size-full wp-image-9607\" src=\"https:\/\/jessel.de\/365-tage-sylt\/wp-content\/uploads\/2021\/09\/5DA1A9CA-1D4D-45A7-B7E3-A49D2EDF1EFA.jpeg\" alt=\"\" width=\"1200\" height=\"800\" srcset=\"https:\/\/jessel.de\/365-tage-sylt\/wp-content\/uploads\/2021\/09\/5DA1A9CA-1D4D-45A7-B7E3-A49D2EDF1EFA.jpeg 1200w, https:\/\/jessel.de\/365-tage-sylt\/wp-content\/uploads\/2021\/09\/5DA1A9CA-1D4D-45A7-B7E3-A49D2EDF1EFA-300x200.jpeg 300w, https:\/\/jessel.de\/365-tage-sylt\/wp-content\/uploads\/2021\/09\/5DA1A9CA-1D4D-45A7-B7E3-A49D2EDF1EFA-1024x683.jpeg 1024w, https:\/\/jessel.de\/365-tage-sylt\/wp-content\/uploads\/2021\/09\/5DA1A9CA-1D4D-45A7-B7E3-A49D2EDF1EFA-768x512.jpeg 768w\" sizes=\"auto, (max-width: 1200px) 100vw, 1200px\" \/><\/p>\n<p>Leider habe ich vergessen, den WARMEN APFELKUCHEN zu fotografieren\u2026 aber beim Abendessen werde ich wachsamer sein. Bis sp\u00e4ter also!<\/p>\n<p>Es gab Tortellini-Auflauf mit verschiedenen Gem\u00fcsen:<\/p>\n<p><img loading=\"lazy\" decoding=\"async\" class=\"alignnone size-full wp-image-9610\" src=\"https:\/\/jessel.de\/365-tage-sylt\/wp-content\/uploads\/2021\/09\/53AE0951-ABA6-42C4-8C53-0C0AEF7DC9FA.jpeg\" alt=\"\" width=\"1200\" height=\"800\" srcset=\"https:\/\/jessel.de\/365-tage-sylt\/wp-content\/uploads\/2021\/09\/53AE0951-ABA6-42C4-8C53-0C0AEF7DC9FA.jpeg 1200w, https:\/\/jessel.de\/365-tage-sylt\/wp-content\/uploads\/2021\/09\/53AE0951-ABA6-42C4-8C53-0C0AEF7DC9FA-300x200.jpeg 300w, https:\/\/jessel.de\/365-tage-sylt\/wp-content\/uploads\/2021\/09\/53AE0951-ABA6-42C4-8C53-0C0AEF7DC9FA-1024x683.jpeg 1024w, https:\/\/jessel.de\/365-tage-sylt\/wp-content\/uploads\/2021\/09\/53AE0951-ABA6-42C4-8C53-0C0AEF7DC9FA-768x512.jpeg 768w\" sizes=\"auto, (max-width: 1200px) 100vw, 1200px\" \/><\/p>\n<p>Gute Nacht!<\/p>\n<p>&nbsp;<\/p>\n<p>&nbsp;<\/p>\n<p>&nbsp;<\/p>\n","protected":false},"excerpt":{"rendered":"<p>Ich bin dann mal wech. Mit dem Fr\u00fchzug nach Friedrichstadt, dort wird gerade der Markt aufgebaut: Von dort geht\u2019s per Rad in die Eider-Treene-Sorge-Niederung, die sich bis vor die Tore Rendsburgs erstreckt. Einige Impressionen gef\u00e4llig? Bitte. Schnurgerade ziehen sich die Moord\u00e4mme durch die Landschaft. Pro halbe Stunde sehe ich einen Menschen. Einfach nur wunderbar: Im Ort Stapel gibt\u2019s das einzige Steilufer der Eider: Ich habe gro\u00dfes Gl\u00fcck mit dem Wetter.&hellip;<\/p>\n","protected":false},"author":2,"featured_media":9598,"comment_status":"open","ping_status":"open","sticky":false,"template":"","format":"standard","meta":{"footnotes":""},"categories":[27,39,44,46,2,29,33],"tags":[],"class_list":["post-9597","post","type-post","status-publish","format-standard","has-post-thumbnail","hentry","category-alle-bilder","category-arbeit","category-pflanzen","category-sommer","category-tourismus","category-verkehr","category-woanders"],"jetpack_featured_media_url":"https:\/\/jessel.de\/365-tage-sylt\/wp-content\/uploads\/2021\/09\/7D562258-DBF1-4155-9E83-44C1B4409EB2.jpeg","_links":{"self":[{"href":"https:\/\/jessel.de\/365-tage-sylt\/wp-json\/wp\/v2\/posts\/9597","targetHints":{"allow":["GET"]}}],"collection":[{"href":"https:\/\/jessel.de\/365-tage-sylt\/wp-json\/wp\/v2\/posts"}],"about":[{"href":"https:\/\/jessel.de\/365-tage-sylt\/wp-json\/wp\/v2\/types\/post"}],"author":[{"embeddable":true,"href":"https:\/\/jessel.de\/365-tage-sylt\/wp-json\/wp\/v2\/users\/2"}],"replies":[{"embeddable":true,"href":"https:\/\/jessel.de\/365-tage-sylt\/wp-json\/wp\/v2\/comments?post=9597"}],"version-history":[{"count":3,"href":"https:\/\/jessel.de\/365-tage-sylt\/wp-json\/wp\/v2\/posts\/9597\/revisions"}],"predecessor-version":[{"id":9611,"href":"https:\/\/jessel.de\/365-tage-sylt\/wp-json\/wp\/v2\/posts\/9597\/revisions\/9611"}],"wp:featuredmedia":[{"embeddable":true,"href":"https:\/\/jessel.de\/365-tage-sylt\/wp-json\/wp\/v2\/media\/9598"}],"wp:attachment":[{"href":"https:\/\/jessel.de\/365-tage-sylt\/wp-json\/wp\/v2\/media?parent=9597"}],"wp:term":[{"taxonomy":"category","embeddable":true,"href":"https:\/\/jessel.de\/365-tage-sylt\/wp-json\/wp\/v2\/categories?post=9597"},{"taxonomy":"post_tag","embeddable":true,"href":"https:\/\/jessel.de\/365-tage-sylt\/wp-json\/wp\/v2\/tags?post=9597"}],"curies":[{"name":"wp","href":"https:\/\/api.w.org\/{rel}","templated":true}]}}