{"id":9769,"date":"2021-10-12T07:57:58","date_gmt":"2021-10-12T07:57:58","guid":{"rendered":"https:\/\/jessel.de\/365-tage-sylt\/?p=9769"},"modified":"2021-10-12T07:57:58","modified_gmt":"2021-10-12T07:57:58","slug":"12-oktober-prominenter-besuch-in-der-ausstellung","status":"publish","type":"post","link":"https:\/\/jessel.de\/365-tage-sylt\/12-oktober-prominenter-besuch-in-der-ausstellung\/","title":{"rendered":"12. Oktober: Prominenter Besuch in der Ausstellung"},"content":{"rendered":"<p>Cosmea Sprotte schaut nochmal vorbei. Nicht nur, um zwei Bilder zu erwerben, sondern auch, um uns wichtige Informationen zu geben, wie der Bilderverkauf noch besser zu bewerkstelligen w\u00e4re.<\/p>\n<p>Manfred Sch\u00e4ffner, vom Maler zum Ornithologen mutiert, malt uns einen Ziegenmelker ins G\u00e4stebuch, sozusagen in mein Foto einer vom Wind zerzauselten Kiefer:<\/p>\n<p><img loading=\"lazy\" decoding=\"async\" class=\"alignnone size-full wp-image-9774\" src=\"https:\/\/jessel.de\/365-tage-sylt\/wp-content\/uploads\/2021\/10\/CB08AE3F-C77A-4FCC-B93F-95B422F76DD1.jpeg\" alt=\"\" width=\"1200\" height=\"800\" srcset=\"https:\/\/jessel.de\/365-tage-sylt\/wp-content\/uploads\/2021\/10\/CB08AE3F-C77A-4FCC-B93F-95B422F76DD1.jpeg 1200w, https:\/\/jessel.de\/365-tage-sylt\/wp-content\/uploads\/2021\/10\/CB08AE3F-C77A-4FCC-B93F-95B422F76DD1-300x200.jpeg 300w, https:\/\/jessel.de\/365-tage-sylt\/wp-content\/uploads\/2021\/10\/CB08AE3F-C77A-4FCC-B93F-95B422F76DD1-1024x683.jpeg 1024w, https:\/\/jessel.de\/365-tage-sylt\/wp-content\/uploads\/2021\/10\/CB08AE3F-C77A-4FCC-B93F-95B422F76DD1-768x512.jpeg 768w\" sizes=\"auto, (max-width: 1200px) 100vw, 1200px\" \/><\/p>\n<p>\u2026 und der Kieler Oberb\u00fcrgermeister samt Familie zeigt sich ebenfalls in der Alten Post.<\/p>\n<p>Und sonst? Am Strand liegt Bernstein\u2026:<\/p>\n<p><img loading=\"lazy\" decoding=\"async\" class=\"size-full wp-image-9772\" src=\"https:\/\/jessel.de\/365-tage-sylt\/wp-content\/uploads\/2021\/10\/66676E21-76FC-4F9F-AEC0-8BC74A55DB2C.jpeg\" alt=\"\" width=\"1200\" height=\"800\" srcset=\"https:\/\/jessel.de\/365-tage-sylt\/wp-content\/uploads\/2021\/10\/66676E21-76FC-4F9F-AEC0-8BC74A55DB2C.jpeg 1200w, https:\/\/jessel.de\/365-tage-sylt\/wp-content\/uploads\/2021\/10\/66676E21-76FC-4F9F-AEC0-8BC74A55DB2C-300x200.jpeg 300w, https:\/\/jessel.de\/365-tage-sylt\/wp-content\/uploads\/2021\/10\/66676E21-76FC-4F9F-AEC0-8BC74A55DB2C-1024x683.jpeg 1024w, https:\/\/jessel.de\/365-tage-sylt\/wp-content\/uploads\/2021\/10\/66676E21-76FC-4F9F-AEC0-8BC74A55DB2C-768x512.jpeg 768w\" sizes=\"auto, (max-width: 1200px) 100vw, 1200px\" \/><\/p>\n<p>\u2026 die morgendlichen Br\u00f6tchenschlangen haben seit Monaten die gleiche L\u00e4nge\u2026:<\/p>\n<p>&nbsp;<\/p>\n<p><img loading=\"lazy\" decoding=\"async\" class=\"size-full wp-image-9770\" src=\"https:\/\/jessel.de\/365-tage-sylt\/wp-content\/uploads\/2021\/10\/CCC3FA2E-03EA-4E04-9A64-0F5911E3D6FE.jpeg\" alt=\"\" width=\"1200\" height=\"800\" srcset=\"https:\/\/jessel.de\/365-tage-sylt\/wp-content\/uploads\/2021\/10\/CCC3FA2E-03EA-4E04-9A64-0F5911E3D6FE.jpeg 1200w, https:\/\/jessel.de\/365-tage-sylt\/wp-content\/uploads\/2021\/10\/CCC3FA2E-03EA-4E04-9A64-0F5911E3D6FE-300x200.jpeg 300w, https:\/\/jessel.de\/365-tage-sylt\/wp-content\/uploads\/2021\/10\/CCC3FA2E-03EA-4E04-9A64-0F5911E3D6FE-1024x683.jpeg 1024w, https:\/\/jessel.de\/365-tage-sylt\/wp-content\/uploads\/2021\/10\/CCC3FA2E-03EA-4E04-9A64-0F5911E3D6FE-768x512.jpeg 768w\" sizes=\"auto, (max-width: 1200px) 100vw, 1200px\" \/><\/p>\n<p>\u2026 das n\u00e4chtliche Sylter Partyleben ist in vollem Gange\u2026:<\/p>\n<p><img loading=\"lazy\" decoding=\"async\" class=\"alignnone size-full wp-image-9775\" src=\"https:\/\/jessel.de\/365-tage-sylt\/wp-content\/uploads\/2021\/10\/2BA8B000-4B57-4EB5-84F9-E468B63D94D4.jpeg\" alt=\"\" width=\"1200\" height=\"800\" srcset=\"https:\/\/jessel.de\/365-tage-sylt\/wp-content\/uploads\/2021\/10\/2BA8B000-4B57-4EB5-84F9-E468B63D94D4.jpeg 1200w, https:\/\/jessel.de\/365-tage-sylt\/wp-content\/uploads\/2021\/10\/2BA8B000-4B57-4EB5-84F9-E468B63D94D4-300x200.jpeg 300w, https:\/\/jessel.de\/365-tage-sylt\/wp-content\/uploads\/2021\/10\/2BA8B000-4B57-4EB5-84F9-E468B63D94D4-1024x683.jpeg 1024w, https:\/\/jessel.de\/365-tage-sylt\/wp-content\/uploads\/2021\/10\/2BA8B000-4B57-4EB5-84F9-E468B63D94D4-768x512.jpeg 768w\" sizes=\"auto, (max-width: 1200px) 100vw, 1200px\" \/><\/p>\n<p>\u2026 und Hans macht Fotos:<\/p>\n<p><img loading=\"lazy\" decoding=\"async\" class=\"size-full wp-image-9771\" src=\"https:\/\/jessel.de\/365-tage-sylt\/wp-content\/uploads\/2021\/10\/0E917340-D939-44FD-BD6A-6A7A566A5423.jpeg\" alt=\"\" width=\"1200\" height=\"800\" srcset=\"https:\/\/jessel.de\/365-tage-sylt\/wp-content\/uploads\/2021\/10\/0E917340-D939-44FD-BD6A-6A7A566A5423.jpeg 1200w, https:\/\/jessel.de\/365-tage-sylt\/wp-content\/uploads\/2021\/10\/0E917340-D939-44FD-BD6A-6A7A566A5423-300x200.jpeg 300w, https:\/\/jessel.de\/365-tage-sylt\/wp-content\/uploads\/2021\/10\/0E917340-D939-44FD-BD6A-6A7A566A5423-1024x683.jpeg 1024w, https:\/\/jessel.de\/365-tage-sylt\/wp-content\/uploads\/2021\/10\/0E917340-D939-44FD-BD6A-6A7A566A5423-768x512.jpeg 768w\" sizes=\"auto, (max-width: 1200px) 100vw, 1200px\" \/><\/p>\n<p>Volles Programm in diesen Tagen.<\/p>\n","protected":false},"excerpt":{"rendered":"<p>Cosmea Sprotte schaut nochmal vorbei. Nicht nur, um zwei Bilder zu erwerben, sondern auch, um uns wichtige Informationen zu geben, wie der Bilderverkauf noch besser zu bewerkstelligen w\u00e4re. Manfred Sch\u00e4ffner, vom Maler zum Ornithologen mutiert, malt uns einen Ziegenmelker ins G\u00e4stebuch, sozusagen in mein Foto einer vom Wind zerzauselten Kiefer: \u2026 und der Kieler Oberb\u00fcrgermeister samt Familie zeigt sich ebenfalls in der Alten Post. Und sonst? Am Strand liegt Bernstein\u2026:&hellip;<\/p>\n","protected":false},"author":2,"featured_media":9773,"comment_status":"open","ping_status":"open","sticky":false,"template":"","format":"standard","meta":{"footnotes":""},"categories":[27,39,28,48,3,2,7],"tags":[],"class_list":["post-9769","post","type-post","status-publish","format-standard","has-post-thumbnail","hentry","category-alle-bilder","category-arbeit","category-haeuser","category-herbst","category-menschen","category-tourismus","category-westerland"],"jetpack_featured_media_url":"https:\/\/jessel.de\/365-tage-sylt\/wp-content\/uploads\/2021\/10\/8860F104-25DA-41C7-A1C1-2174CF65ACC9.jpeg","_links":{"self":[{"href":"https:\/\/jessel.de\/365-tage-sylt\/wp-json\/wp\/v2\/posts\/9769","targetHints":{"allow":["GET"]}}],"collection":[{"href":"https:\/\/jessel.de\/365-tage-sylt\/wp-json\/wp\/v2\/posts"}],"about":[{"href":"https:\/\/jessel.de\/365-tage-sylt\/wp-json\/wp\/v2\/types\/post"}],"author":[{"embeddable":true,"href":"https:\/\/jessel.de\/365-tage-sylt\/wp-json\/wp\/v2\/users\/2"}],"replies":[{"embeddable":true,"href":"https:\/\/jessel.de\/365-tage-sylt\/wp-json\/wp\/v2\/comments?post=9769"}],"version-history":[{"count":1,"href":"https:\/\/jessel.de\/365-tage-sylt\/wp-json\/wp\/v2\/posts\/9769\/revisions"}],"predecessor-version":[{"id":9776,"href":"https:\/\/jessel.de\/365-tage-sylt\/wp-json\/wp\/v2\/posts\/9769\/revisions\/9776"}],"wp:featuredmedia":[{"embeddable":true,"href":"https:\/\/jessel.de\/365-tage-sylt\/wp-json\/wp\/v2\/media\/9773"}],"wp:attachment":[{"href":"https:\/\/jessel.de\/365-tage-sylt\/wp-json\/wp\/v2\/media?parent=9769"}],"wp:term":[{"taxonomy":"category","embeddable":true,"href":"https:\/\/jessel.de\/365-tage-sylt\/wp-json\/wp\/v2\/categories?post=9769"},{"taxonomy":"post_tag","embeddable":true,"href":"https:\/\/jessel.de\/365-tage-sylt\/wp-json\/wp\/v2\/tags?post=9769"}],"curies":[{"name":"wp","href":"https:\/\/api.w.org\/{rel}","templated":true}]}}