{"id":9940,"date":"2021-11-12T13:17:04","date_gmt":"2021-11-12T13:17:04","guid":{"rendered":"https:\/\/jessel.de\/365-tage-sylt\/?p=9940"},"modified":"2021-11-13T07:08:09","modified_gmt":"2021-11-13T07:08:09","slug":"10-november-ff-und-tschuess","status":"publish","type":"post","link":"https:\/\/jessel.de\/365-tage-sylt\/10-november-ff-und-tschuess\/","title":{"rendered":"10. November ff.: \u201eUnd tsch\u00fcss!\u201c"},"content":{"rendered":"<p>Foto: S. v. Bremen<\/p>\n<p>Es reicht. Nach dieser never ending Saison der Menschenmassen, obendrauf noch nach 30 Tagen Ausstellungsdienst, muss ich definitiv mal raus. Ihr k\u00f6nnt ja mal raten, wohin. Portugal? St\u00fcnde ganz oben, ist\u2019s aber nich. La Palma? L\u00e4ge nahe, f\u00e4llt aber weg wegen des Fussabdrucks. Norwegen? Blo\u00df nich! Flensburg? Schon gerne, aber diesmal muss es exotischer sein\u2026<\/p>\n<p>Also geht\u2019s erstmal per Zug nach Hamburg. V\u00f6llig \u00fcberf\u00fcllt, weil der vorhergehende IC mal wieder ersatzlos gestrichen wurde.<\/p>\n<p>Im ICE nach Frankfurt sieht\u2019s kaum anders aus:<\/p>\n<p><img loading=\"lazy\" decoding=\"async\" class=\"size-full wp-image-9945\" src=\"https:\/\/jessel.de\/365-tage-sylt\/wp-content\/uploads\/2021\/11\/C139B5CA-33EB-42BA-8D66-35E10C77BE67.jpeg\" alt=\"\" width=\"1200\" height=\"800\" srcset=\"https:\/\/jessel.de\/365-tage-sylt\/wp-content\/uploads\/2021\/11\/C139B5CA-33EB-42BA-8D66-35E10C77BE67.jpeg 1200w, https:\/\/jessel.de\/365-tage-sylt\/wp-content\/uploads\/2021\/11\/C139B5CA-33EB-42BA-8D66-35E10C77BE67-300x200.jpeg 300w, https:\/\/jessel.de\/365-tage-sylt\/wp-content\/uploads\/2021\/11\/C139B5CA-33EB-42BA-8D66-35E10C77BE67-1024x683.jpeg 1024w, https:\/\/jessel.de\/365-tage-sylt\/wp-content\/uploads\/2021\/11\/C139B5CA-33EB-42BA-8D66-35E10C77BE67-768x512.jpeg 768w\" sizes=\"auto, (max-width: 1200px) 100vw, 1200px\" \/><\/p>\n<p>Dort steige ich in einen sehr spannenden Zug ein, der mir noch fehlt in meiner Biografie:<\/p>\n<p><img loading=\"lazy\" decoding=\"async\" class=\"alignnone size-full wp-image-9946\" src=\"https:\/\/jessel.de\/365-tage-sylt\/wp-content\/uploads\/2021\/11\/BF8A2447-A240-4194-827A-F8AEF6CDB542.jpeg\" alt=\"\" width=\"1200\" height=\"800\" srcset=\"https:\/\/jessel.de\/365-tage-sylt\/wp-content\/uploads\/2021\/11\/BF8A2447-A240-4194-827A-F8AEF6CDB542.jpeg 1200w, https:\/\/jessel.de\/365-tage-sylt\/wp-content\/uploads\/2021\/11\/BF8A2447-A240-4194-827A-F8AEF6CDB542-300x200.jpeg 300w, https:\/\/jessel.de\/365-tage-sylt\/wp-content\/uploads\/2021\/11\/BF8A2447-A240-4194-827A-F8AEF6CDB542-1024x683.jpeg 1024w, https:\/\/jessel.de\/365-tage-sylt\/wp-content\/uploads\/2021\/11\/BF8A2447-A240-4194-827A-F8AEF6CDB542-768x512.jpeg 768w\" sizes=\"auto, (max-width: 1200px) 100vw, 1200px\" \/><\/p>\n<p>\u2026 und erreiche mein Fahrtziel nach insgesamt 15-st\u00fcndiger Tour:<\/p>\n<p><img loading=\"lazy\" decoding=\"async\" class=\"alignnone size-full wp-image-9948\" src=\"https:\/\/jessel.de\/365-tage-sylt\/wp-content\/uploads\/2021\/11\/8E1B4068-B3E0-454D-B45B-E0BDB907DBB1.jpeg\" alt=\"\" width=\"1200\" height=\"800\" srcset=\"https:\/\/jessel.de\/365-tage-sylt\/wp-content\/uploads\/2021\/11\/8E1B4068-B3E0-454D-B45B-E0BDB907DBB1.jpeg 1200w, https:\/\/jessel.de\/365-tage-sylt\/wp-content\/uploads\/2021\/11\/8E1B4068-B3E0-454D-B45B-E0BDB907DBB1-300x200.jpeg 300w, https:\/\/jessel.de\/365-tage-sylt\/wp-content\/uploads\/2021\/11\/8E1B4068-B3E0-454D-B45B-E0BDB907DBB1-1024x683.jpeg 1024w, https:\/\/jessel.de\/365-tage-sylt\/wp-content\/uploads\/2021\/11\/8E1B4068-B3E0-454D-B45B-E0BDB907DBB1-768x512.jpeg 768w\" sizes=\"auto, (max-width: 1200px) 100vw, 1200px\" \/><\/p>\n<p>Am Morgen geht es ein wenig auf Erkundungstour. Die Stadt liegt an gleich zwei Fl\u00fcssen, die sich dicht neben der Altstadt treffen. Zumindest der eine ist unter Weintrinkern mehr als bekannt. Zwar hat die Stadt kaum \u00fcberregional bekannte Sehensw\u00fcrdigkeiten, hat aber wegen ihrer Architektur in weiten Bereichen der Innenstadt einen Unesco Weltkulturerbe -Status erhalten:<\/p>\n<p><img loading=\"lazy\" decoding=\"async\" class=\"size-full wp-image-9953\" src=\"https:\/\/jessel.de\/365-tage-sylt\/wp-content\/uploads\/2021\/11\/FDCAB3EB-F56F-4199-B0B7-D4E487145006.jpeg\" alt=\"\" width=\"800\" height=\"1200\" srcset=\"https:\/\/jessel.de\/365-tage-sylt\/wp-content\/uploads\/2021\/11\/FDCAB3EB-F56F-4199-B0B7-D4E487145006.jpeg 800w, https:\/\/jessel.de\/365-tage-sylt\/wp-content\/uploads\/2021\/11\/FDCAB3EB-F56F-4199-B0B7-D4E487145006-200x300.jpeg 200w, https:\/\/jessel.de\/365-tage-sylt\/wp-content\/uploads\/2021\/11\/FDCAB3EB-F56F-4199-B0B7-D4E487145006-683x1024.jpeg 683w, https:\/\/jessel.de\/365-tage-sylt\/wp-content\/uploads\/2021\/11\/FDCAB3EB-F56F-4199-B0B7-D4E487145006-768x1152.jpeg 768w\" sizes=\"auto, (max-width: 800px) 100vw, 800px\" \/><\/p>\n<p>\u2026 uuuund, wie landes\u00fcblich, wird jeder kulinarisch interessierte Mensch komplett zufriedengestellt\u2026:<\/p>\n<p><img loading=\"lazy\" decoding=\"async\" class=\"size-full wp-image-9954\" src=\"https:\/\/jessel.de\/365-tage-sylt\/wp-content\/uploads\/2021\/11\/7E00E559-1BE2-4D01-92D5-2FE982C88912.jpeg\" alt=\"\" width=\"800\" height=\"1200\" srcset=\"https:\/\/jessel.de\/365-tage-sylt\/wp-content\/uploads\/2021\/11\/7E00E559-1BE2-4D01-92D5-2FE982C88912.jpeg 800w, https:\/\/jessel.de\/365-tage-sylt\/wp-content\/uploads\/2021\/11\/7E00E559-1BE2-4D01-92D5-2FE982C88912-200x300.jpeg 200w, https:\/\/jessel.de\/365-tage-sylt\/wp-content\/uploads\/2021\/11\/7E00E559-1BE2-4D01-92D5-2FE982C88912-683x1024.jpeg 683w, https:\/\/jessel.de\/365-tage-sylt\/wp-content\/uploads\/2021\/11\/7E00E559-1BE2-4D01-92D5-2FE982C88912-768x1152.jpeg 768w\" sizes=\"auto, (max-width: 800px) 100vw, 800px\" \/><\/p>\n<p>\u2026 und insgesamt scheint es den Menschen hier recht gut zu gehen:<\/p>\n<p><img loading=\"lazy\" decoding=\"async\" class=\"size-full wp-image-9955\" src=\"https:\/\/jessel.de\/365-tage-sylt\/wp-content\/uploads\/2021\/11\/57F5EA90-E4A3-4099-865C-48244486B138.jpeg\" alt=\"\" width=\"1200\" height=\"800\" srcset=\"https:\/\/jessel.de\/365-tage-sylt\/wp-content\/uploads\/2021\/11\/57F5EA90-E4A3-4099-865C-48244486B138.jpeg 1200w, https:\/\/jessel.de\/365-tage-sylt\/wp-content\/uploads\/2021\/11\/57F5EA90-E4A3-4099-865C-48244486B138-300x200.jpeg 300w, https:\/\/jessel.de\/365-tage-sylt\/wp-content\/uploads\/2021\/11\/57F5EA90-E4A3-4099-865C-48244486B138-1024x683.jpeg 1024w, https:\/\/jessel.de\/365-tage-sylt\/wp-content\/uploads\/2021\/11\/57F5EA90-E4A3-4099-865C-48244486B138-768x512.jpeg 768w\" sizes=\"auto, (max-width: 1200px) 100vw, 1200px\" \/><\/p>\n<p>Zun\u00e4chst wirkt der Ort ziemlich kleinst\u00e4dtisch, als aber die Sonne rauskommt, geht die Post ab. Zum sp\u00e4ten Nachmittag sind s\u00e4mtliche Restaurant-Terrassen voll mit Menschen\u2026:<\/p>\n<p><img loading=\"lazy\" decoding=\"async\" class=\"alignnone size-full wp-image-9956\" src=\"https:\/\/jessel.de\/365-tage-sylt\/wp-content\/uploads\/2021\/11\/789B119E-A2BB-4E39-B696-2866DE257A5A.jpeg\" alt=\"\" width=\"1200\" height=\"800\" srcset=\"https:\/\/jessel.de\/365-tage-sylt\/wp-content\/uploads\/2021\/11\/789B119E-A2BB-4E39-B696-2866DE257A5A.jpeg 1200w, https:\/\/jessel.de\/365-tage-sylt\/wp-content\/uploads\/2021\/11\/789B119E-A2BB-4E39-B696-2866DE257A5A-300x200.jpeg 300w, https:\/\/jessel.de\/365-tage-sylt\/wp-content\/uploads\/2021\/11\/789B119E-A2BB-4E39-B696-2866DE257A5A-1024x683.jpeg 1024w, https:\/\/jessel.de\/365-tage-sylt\/wp-content\/uploads\/2021\/11\/789B119E-A2BB-4E39-B696-2866DE257A5A-768x512.jpeg 768w\" sizes=\"auto, (max-width: 1200px) 100vw, 1200px\" \/><\/p>\n<p>\u2026 und selbst auf einer der bekanntesten Flussbr\u00fccken namens Bonaparte wird bis in die Dunkelheit gefeiert:<\/p>\n<p><img loading=\"lazy\" decoding=\"async\" class=\"alignnone size-full wp-image-9957\" src=\"https:\/\/jessel.de\/365-tage-sylt\/wp-content\/uploads\/2021\/11\/29994D34-F6F1-4CF3-8360-7FB97B341444.jpeg\" alt=\"\" width=\"1200\" height=\"800\" srcset=\"https:\/\/jessel.de\/365-tage-sylt\/wp-content\/uploads\/2021\/11\/29994D34-F6F1-4CF3-8360-7FB97B341444.jpeg 1200w, https:\/\/jessel.de\/365-tage-sylt\/wp-content\/uploads\/2021\/11\/29994D34-F6F1-4CF3-8360-7FB97B341444-300x200.jpeg 300w, https:\/\/jessel.de\/365-tage-sylt\/wp-content\/uploads\/2021\/11\/29994D34-F6F1-4CF3-8360-7FB97B341444-1024x683.jpeg 1024w, https:\/\/jessel.de\/365-tage-sylt\/wp-content\/uploads\/2021\/11\/29994D34-F6F1-4CF3-8360-7FB97B341444-768x512.jpeg 768w\" sizes=\"auto, (max-width: 1200px) 100vw, 1200px\" \/><\/p>\n","protected":false},"excerpt":{"rendered":"<p>Foto: S. v. Bremen Es reicht. Nach dieser never ending Saison der Menschenmassen, obendrauf noch nach 30 Tagen Ausstellungsdienst, muss ich definitiv mal raus. Ihr k\u00f6nnt ja mal raten, wohin. Portugal? St\u00fcnde ganz oben, ist\u2019s aber nich. La Palma? L\u00e4ge nahe, f\u00e4llt aber weg wegen des Fussabdrucks. Norwegen? Blo\u00df nich! Flensburg? Schon gerne, aber diesmal muss es exotischer sein\u2026 Also geht\u2019s erstmal per Zug nach Hamburg. V\u00f6llig \u00fcberf\u00fcllt, weil der&hellip;<\/p>\n","protected":false},"author":2,"featured_media":9941,"comment_status":"open","ping_status":"open","sticky":false,"template":"","format":"standard","meta":{"footnotes":""},"categories":[27,39,28,48,3,35,2,29,7],"tags":[],"class_list":["post-9940","post","type-post","status-publish","format-standard","has-post-thumbnail","hentry","category-alle-bilder","category-arbeit","category-haeuser","category-herbst","category-menschen","category-schlechtes-wetter","category-tourismus","category-verkehr","category-westerland"],"jetpack_featured_media_url":"https:\/\/jessel.de\/365-tage-sylt\/wp-content\/uploads\/2021\/11\/DB341DE9-9D87-41FA-BA25-0DD2DC428666.jpeg","_links":{"self":[{"href":"https:\/\/jessel.de\/365-tage-sylt\/wp-json\/wp\/v2\/posts\/9940","targetHints":{"allow":["GET"]}}],"collection":[{"href":"https:\/\/jessel.de\/365-tage-sylt\/wp-json\/wp\/v2\/posts"}],"about":[{"href":"https:\/\/jessel.de\/365-tage-sylt\/wp-json\/wp\/v2\/types\/post"}],"author":[{"embeddable":true,"href":"https:\/\/jessel.de\/365-tage-sylt\/wp-json\/wp\/v2\/users\/2"}],"replies":[{"embeddable":true,"href":"https:\/\/jessel.de\/365-tage-sylt\/wp-json\/wp\/v2\/comments?post=9940"}],"version-history":[{"count":10,"href":"https:\/\/jessel.de\/365-tage-sylt\/wp-json\/wp\/v2\/posts\/9940\/revisions"}],"predecessor-version":[{"id":9944,"href":"https:\/\/jessel.de\/365-tage-sylt\/wp-json\/wp\/v2\/posts\/9940\/revisions\/9944"}],"wp:featuredmedia":[{"embeddable":true,"href":"https:\/\/jessel.de\/365-tage-sylt\/wp-json\/wp\/v2\/media\/9941"}],"wp:attachment":[{"href":"https:\/\/jessel.de\/365-tage-sylt\/wp-json\/wp\/v2\/media?parent=9940"}],"wp:term":[{"taxonomy":"category","embeddable":true,"href":"https:\/\/jessel.de\/365-tage-sylt\/wp-json\/wp\/v2\/categories?post=9940"},{"taxonomy":"post_tag","embeddable":true,"href":"https:\/\/jessel.de\/365-tage-sylt\/wp-json\/wp\/v2\/tags?post=9940"}],"curies":[{"name":"wp","href":"https:\/\/api.w.org\/{rel}","templated":true}]}}